{"id":11253,"date":"2025-07-22T12:15:35","date_gmt":"2025-07-22T15:15:35","guid":{"rendered":"https:\/\/www.web4.com.ar\/?p=11253"},"modified":"2025-10-28T13:52:35","modified_gmt":"2025-10-28T16:52:35","slug":"40-marcas-famosas-que-han-redisenado-sus-logos","status":"publish","type":"post","link":"https:\/\/www.web4.com.ar\/en\/40-marcas-famosas-que-han-redisenado-sus-logos\/","title":{"rendered":"40 famous brands that have redesigned their logos"},"content":{"rendered":"<p>[et_pb_section fb_built=\u00bb1&#8243; admin_label=\u00bbIntro\u00bb _builder_version=\u00bb4.27.4&#8243; collapsed=\u00bbon\u00bb global_colors_info=\u00bb{}\u00bb theme_builder_area=\u00bbpost_content\u00bb][et_pb_row use_custom_gutter=\u00bbon\u00bb gutter_width=\u00bb4&#8243; custom_padding_last_edited=\u00bbon|phone\u00bb admin_label=\u00bbIntro\u00bb _builder_version=\u00bb4.27.4&#8243; width=\u00bb100%\u00bb module_alignment=\u00bbcenter\u00bb custom_padding=\u00bb60px|0px|10px|0px|false|true\u00bb custom_padding_tablet=\u00bb40px||||false|true\u00bb custom_padding_phone=\u00bb30px||5px||false|true\u00bb border_color_bottom=\u00bb#eaeaea\u00bb global_colors_info=\u00bb{}\u00bb theme_builder_area=\u00bbpost_content\u00bb][et_pb_column type=\u00bb4_4&#8243; _builder_version=\u00bb4.16&#8243; global_colors_info=\u00bb{}\u00bb theme_builder_area=\u00bbpost_content\u00bb][et_pb_text admin_label=\u00bbIntro\u00bb _builder_version=\u00bb4.27.4&#8243; header_line_height=\u00bb2em\u00bb text_font_size_tablet=\u00bb\u00bb text_font_size_phone=\u00bb\u00bb text_font_size_last_edited=\u00bbon|desktop\u00bb header_2_font_size_tablet=\u00bb24px\u00bb header_2_font_size_phone=\u00bb24px\u00bb header_2_line_height_tablet=\u00bb\u00bb header_2_line_height_phone=\u00bb\u00bb header_2_line_height_last_edited=\u00bbon|tablet\u00bb locked=\u00bboff\u00bb global_colors_info=\u00bb{}\u00bb theme_builder_area=\u00bbpost_content\u00bb]<\/p>\n<p>En este art\u00edculo vamos a hablar de rebranding a trav\u00e9s del an\u00e1lisis de 40 marcas famosas que han redise\u00f1ado sus logos.<\/p>\n<p>Tambi\u00e9n estudiaremos y analizaremos c\u00f3mo fueron evolucionando sus dise\u00f1os a trav\u00e9s de los a\u00f1os.<\/p>\n<p>El redise\u00f1o de una marca tiene que ver con su historia y los tiempos que les toca atravesar en cuanto a modas, tendencias y necesidades.<\/p>\n<p>Pero tambi\u00e9n influye la propia evoluci\u00f3n de la marca.<\/p>\n<p>Veremos que hay muchas marcas que en sus or\u00edgenes nacieron como productos que no son los que representan en la actualidad.<\/p>\n<p>Otras marcas han ido expandiendo sus productos hacia diversos mercados lo que ha motivado a realizar redise\u00f1os de\u00a0 sus identidades gr\u00e1ficas.<\/p>\n<p>Por eso vamos a hablar de la historia de algunas marcas y conocer particularidades que las llevan a ser lo que hoy conocemos.<\/p>\n<p>Este art\u00edculo complementa uno anterior <a href=\"https:\/\/www.web4.com.ar\/rebranding-la-importancia-de-redisenar-una-marca\/\" target=\"_blank\" rel=\"noopener\">\u201cRebranding: la importancia de redise\u00f1ar una marca\u201d<\/a>, y te invito a que lo leas.<\/p>\n<p>[\/et_pb_text][\/et_pb_column][\/et_pb_row][et_pb_row use_custom_gutter=\u00bbon\u00bb gutter_width=\u00bb4&#8243; custom_padding_last_edited=\u00bbon|phone\u00bb admin_label=\u00bbQuiero\u00bb _builder_version=\u00bb4.27.4&#8243; background_color=\u00bbrgba(39,91,0,0.13)\u00bb width=\u00bb100%\u00bb module_alignment=\u00bbcenter\u00bb custom_padding=\u00bb15px|0px|15px|0px|true|true\u00bb custom_padding_tablet=\u00bb15px||15px||true|true\u00bb custom_padding_phone=\u00bb10px|10px|10px|10px|true|true\u00bb border_color_bottom=\u00bb#eaeaea\u00bb locked=\u00bboff\u00bb global_colors_info=\u00bb{}\u00bb theme_builder_area=\u00bbpost_content\u00bb][et_pb_column type=\u00bb4_4&#8243; _builder_version=\u00bb4.16&#8243; global_colors_info=\u00bb{}\u00bb theme_builder_area=\u00bbpost_content\u00bb][et_pb_text admin_label=\u00bbQuiero\u00bb _builder_version=\u00bb4.27.4&#8243; header_line_height=\u00bb2em\u00bb custom_padding=\u00bb5px|0px|5px|0px|true|true\u00bb custom_padding_tablet=\u00bb5px|0px|5px|0px|true|true\u00bb custom_padding_phone=\u00bb5px||5px||true|true\u00bb custom_padding_last_edited=\u00bbon|tablet\u00bb header_2_font_size_tablet=\u00bb24px\u00bb header_2_font_size_phone=\u00bb24px\u00bb header_2_line_height_tablet=\u00bb\u00bb header_2_line_height_phone=\u00bb\u00bb header_2_line_height_last_edited=\u00bbon|tablet\u00bb locked=\u00bboff\u00bb global_colors_info=\u00bb{}\u00bb theme_builder_area=\u00bbpost_content\u00bb]<\/p>\n<p style=\"text-align: center;\"><strong>&gt;&gt;&gt;\u00a0 QUIERO MI LOGO &lt;&lt;&lt;<\/strong><\/p>\n<p>[\/et_pb_text][et_pb_image src=\u00bbhttps:\/\/www.web4.com.ar\/wp-content\/uploads\/2024\/09\/Boton-Whats-app.png\u00bb alt=\u00bbPackaging posavasos\u00bb title_text=\u00bbPackaging posavasos\u00bb url=\u00bb@ET-DC@eyJkeW5hbWljIjp0cnVlLCJjb250ZW50IjoicG9zdF9saW5rX3VybF9wYWdlIiwic2V0dGluZ3MiOnsicG9zdF9pZCI6Ijc1MiJ9fQ==@\u00bb align=\u00bbcenter\u00bb admin_label=\u00bbBoton consulta\u00bb _builder_version=\u00bb4.27.4&#8243; _dynamic_attributes=\u00bburl\u00bb _module_preset=\u00bbdefault\u00bb custom_padding=\u00bb5px||5px||true|false\u00bb custom_padding_tablet=\u00bb5px||5px||true|false\u00bb custom_padding_phone=\u00bb10px||10px||true|false\u00bb custom_padding_last_edited=\u00bbon|phone\u00bb hover_enabled=\u00bb0&#8243; global_module=\u00bb11717&#8243; saved_tabs=\u00bball\u00bb global_colors_info=\u00bb{}\u00bb theme_builder_area=\u00bbpost_content\u00bb url_new_window=\u00bbon\u00bb transform_styles__hover_enabled=\u00bbon|hover\u00bb transform_scale__hover_enabled=\u00bbon|hover\u00bb transform_translate__hover_enabled=\u00bbon|desktop\u00bb transform_rotate__hover_enabled=\u00bbon|desktop\u00bb transform_skew__hover_enabled=\u00bbon|desktop\u00bb transform_origin__hover_enabled=\u00bbon|desktop\u00bb sticky_enabled=\u00bb0&#8243; transform_scale__hover=\u00bb110%|110%\u00bb][\/et_pb_image][\/et_pb_column][\/et_pb_row][\/et_pb_section][et_pb_section fb_built=\u00bb1&#8243; admin_label=\u00bbRebranding\u00bb _builder_version=\u00bb4.27.4&#8243; collapsed=\u00bboff\u00bb global_colors_info=\u00bb{}\u00bb theme_builder_area=\u00bbpost_content\u00bb][et_pb_row use_custom_gutter=\u00bbon\u00bb gutter_width=\u00bb4&#8243; custom_padding_last_edited=\u00bbon|phone\u00bb admin_label=\u00bbRebranding\u00bb _builder_version=\u00bb4.27.4&#8243; width=\u00bb100%\u00bb module_alignment=\u00bbcenter\u00bb custom_padding=\u00bb60px|0px|10px|0px|false|true\u00bb custom_padding_tablet=\u00bb40px||||false|true\u00bb custom_padding_phone=\u00bb30px||5px||false|true\u00bb border_color_bottom=\u00bb#eaeaea\u00bb global_colors_info=\u00bb{}\u00bb theme_builder_area=\u00bbpost_content\u00bb][et_pb_column type=\u00bb4_4&#8243; _builder_version=\u00bb4.16&#8243; global_colors_info=\u00bb{}\u00bb theme_builder_area=\u00bbpost_content\u00bb][et_pb_text admin_label=\u00bbIntro\u00bb _builder_version=\u00bb4.27.4&#8243; header_line_height=\u00bb2em\u00bb text_font_size_tablet=\u00bb\u00bb text_font_size_phone=\u00bb\u00bb text_font_size_last_edited=\u00bbon|desktop\u00bb header_2_font_size_tablet=\u00bb24px\u00bb header_2_font_size_phone=\u00bb24px\u00bb header_2_line_height_tablet=\u00bb\u00bb header_2_line_height_phone=\u00bb\u00bb header_2_line_height_last_edited=\u00bbon|tablet\u00bb locked=\u00bboff\u00bb global_colors_info=\u00bb{}\u00bb theme_builder_area=\u00bbpost_content\u00bb]<\/p>\n<h2><strong>Rebranding, redise\u00f1o y restyling<\/strong><\/h2>\n<p>Muchas veces hemos escuchado estas palabras y muchos creen que se trata del mismo concepto, pero no es as\u00ed.<\/p>\n<p>No nos vamos a extender en el tema porque no es el motivo de este art\u00edculo, pero si vamos a dar una idea muy generalizada.<\/p>\n<p>El <em><strong>branding<\/strong> <\/em>tiene que ver con todos los aspectos de <em>\u201cpersonalidad y valores\u201d<\/em> de una marca y se gestiona mediante estrategias de marketing.<\/p>\n<p>Es lo que se busca que la gente perciba de la misma, involucrando conceptos, sensaciones, formas y colores que la identifican.<\/p>\n<p>El dise\u00f1o es una herramienta del branding, mediante la cual se lleva a cabo una representaci\u00f3n gr\u00e1fica de esos aspectos en una marca.<\/p>\n<p>Es lo que finalmente identificamos como identidad visual y a partir de all\u00ed se desarrolla una imagen corporativa.<\/p>\n<p>Por lo tanto, el <em><strong>redise\u00f1o<\/strong> <\/em>es la modificaci\u00f3n intensiva de la identidad visual de una marca para adaptarla a un nuevo posicionamiento buscado.<\/p>\n<p>Supone una revisi\u00f3n completa de la estrategia comunicativa y la identidad de la marca, que puede incluir un cambio total del logo, colores institucionales y la propuesta de valor.<\/p>\n<p>El <strong><em>restyling<\/em> <\/strong>de una marca es una actualizaci\u00f3n de la est\u00e9tica, un lavado de cara, pero sin alterar su esencia fundamental, conservando sus elementos clave perfectamente reconocibles.<\/p>\n<p>[\/et_pb_text][et_pb_image src=\u00bbhttps:\/\/www.web4.com.ar\/wp-content\/uploads\/2025\/07\/00rediseno.png\u00bb alt=\u00bbredise\u00f1o de marcas\u00bb title_text=\u00bbredise\u00f1o de marcas\u00bb align=\u00bbcenter\u00bb _builder_version=\u00bb4.27.4&#8243; _module_preset=\u00bbdefault\u00bb global_colors_info=\u00bb{}\u00bb theme_builder_area=\u00bbpost_content\u00bb][\/et_pb_image][\/et_pb_column][\/et_pb_row][et_pb_row use_custom_gutter=\u00bbon\u00bb gutter_width=\u00bb4&#8243; custom_padding_last_edited=\u00bbon|phone\u00bb admin_label=\u00bbCambiar\u00bb _builder_version=\u00bb4.27.4&#8243; width=\u00bb100%\u00bb module_alignment=\u00bbcenter\u00bb custom_padding=\u00bb60px|0px|10px|0px|false|true\u00bb custom_padding_tablet=\u00bb40px||||false|true\u00bb custom_padding_phone=\u00bb30px||5px||false|true\u00bb border_color_bottom=\u00bb#eaeaea\u00bb global_colors_info=\u00bb{}\u00bb theme_builder_area=\u00bbpost_content\u00bb][et_pb_column type=\u00bb4_4&#8243; _builder_version=\u00bb4.16&#8243; global_colors_info=\u00bb{}\u00bb theme_builder_area=\u00bbpost_content\u00bb][et_pb_text admin_label=\u00bbCuando las marcas necesitan cambiar\u00bb _builder_version=\u00bb4.27.4&#8243; header_line_height=\u00bb2em\u00bb text_font_size_tablet=\u00bb\u00bb text_font_size_phone=\u00bb\u00bb text_font_size_last_edited=\u00bbon|desktop\u00bb header_2_font_size_tablet=\u00bb24px\u00bb header_2_font_size_phone=\u00bb24px\u00bb header_2_line_height_tablet=\u00bb\u00bb header_2_line_height_phone=\u00bb\u00bb header_2_line_height_last_edited=\u00bbon|tablet\u00bb locked=\u00bboff\u00bb global_colors_info=\u00bb{}\u00bb theme_builder_area=\u00bbpost_content\u00bb]<\/p>\n<h2><strong>Cuando las marcas necesitan cambiar<\/strong><\/h2>\n<p>No hay nada mejor para desarrollar este tema que explicarlo con ejemplos de marcas mundialmente famosas que todos conocemos.<\/p>\n<p>Seguramente hayas conocido muchos de estos logos en algunas de sus etapas de dise\u00f1o y no te percataste de la evoluci\u00f3n gr\u00e1fica a trav\u00e9s de los a\u00f1os.<\/p>\n<p>Por eso te invito a recorrerlos y conocer sus historias y los motivos de sus redise\u00f1os.<\/p>\n<p>[\/et_pb_text][\/et_pb_column][\/et_pb_row][\/et_pb_section][et_pb_section fb_built=\u00bb1&#8243; admin_label=\u00bbIndice\u00bb module_id=\u00bbindice\u00bb _builder_version=\u00bb4.27.4&#8243; _module_preset=\u00bbdefault\u00bb collapsed=\u00bbon\u00bb global_colors_info=\u00bb{}\u00bb theme_builder_area=\u00bbpost_content\u00bb][et_pb_row admin_label=\u00bbIndice\u00bb _builder_version=\u00bb4.27.4&#8243; _module_preset=\u00bbdefault\u00bb background_color=\u00bb#f7f7f7&#8243; width=\u00bb100%\u00bb custom_padding=\u00bb10px|10px|10px|10px|true|true\u00bb global_colors_info=\u00bb{}\u00bb theme_builder_area=\u00bbpost_content\u00bb][et_pb_column type=\u00bb4_4&#8243; _builder_version=\u00bb4.27.4&#8243; _module_preset=\u00bbdefault\u00bb global_colors_info=\u00bb{}\u00bb custom_css_main_element_last_edited=\u00bbon|phone\u00bb theme_builder_area=\u00bbpost_content\u00bb][et_pb_text _builder_version=\u00bb4.27.4&#8243; _module_preset=\u00bbdefault\u00bb text_font_size_phone=\u00bb14px\u00bb global_colors_info=\u00bb{}\u00bb theme_builder_area=\u00bbpost_content\u00bb]<\/p>\n<p><em>Clicar sobre los iconos para ver detalles.<\/em><\/p>\n<p>[\/et_pb_text][\/et_pb_column][\/et_pb_row][et_pb_row admin_label=\u00bbIndice\u00bb _builder_version=\u00bb4.27.4&#8243; _module_preset=\u00bbdefault\u00bb background_color=\u00bb#f7f7f7&#8243; width=\u00bb100%\u00bb custom_padding=\u00bb10px|10px|10px|10px|true|true\u00bb global_colors_info=\u00bb{}\u00bb theme_builder_area=\u00bbpost_content\u00bb][et_pb_column type=\u00bb4_4&#8243; _builder_version=\u00bb4.27.4&#8243; _module_preset=\u00bbdefault\u00bb custom_css_main_element=\u00bbdisplay: grid;||grid-template-columns: repeat(10, 1fr);||gap: 20px;\u00bb global_colors_info=\u00bb{}\u00bb custom_css_main_element_last_edited=\u00bbon|phone\u00bb custom_css_main_element_tablet=\u00bbdisplay: grid;||grid-template-columns: repeat(8, 1fr);||gap: 10px;\u00bb custom_css_main_element_phone=\u00bbdisplay: grid;||grid-template-columns: repeat(4, 1fr);||gap: 10px;||\u00bb theme_builder_area=\u00bbpost_content\u00bb][et_pb_image src=\u00bbhttps:\/\/www.web4.com.ar\/wp-content\/uploads\/2025\/07\/7up.png\u00bb alt=\u00bb7Up\u00bb title_text=\u00bb7up\u00bb url=\u00bb#7up\u00bb admin_label=\u00bb7up\u00bb _builder_version=\u00bb4.27.4&#8243; _module_preset=\u00bbdefault\u00bb border_radii=\u00bbon|10px|10px|10px|10px\u00bb border_width_all=\u00bb1px\u00bb border_color_all=\u00bb#BABABA\u00bb box_shadow_style=\u00bbpreset3&#8243; box_shadow_blur=\u00bb10px\u00bb box_shadow_vertical_tablet=\u00bb\u00bb box_shadow_vertical_phone=\u00bb10px\u00bb box_shadow_vertical_last_edited=\u00bbon|tablet\u00bb box_shadow_blur_tablet=\u00bb8px\u00bb box_shadow_blur_last_edited=\u00bboff|desktop\u00bb global_colors_info=\u00bb{}\u00bb transform_styles__hover_enabled=\u00bbon|desktop\u00bb transform_scale__hover_enabled=\u00bbon|desktop\u00bb transform_translate__hover_enabled=\u00bbon|desktop\u00bb transform_rotate__hover_enabled=\u00bbon|desktop\u00bb transform_skew__hover_enabled=\u00bbon|desktop\u00bb transform_origin__hover_enabled=\u00bbon|desktop\u00bb transform_scale__hover=\u00bb110%|110%\u00bb theme_builder_area=\u00bbpost_content\u00bb][\/et_pb_image][et_pb_image src=\u00bbhttps:\/\/www.web4.com.ar\/wp-content\/uploads\/2025\/07\/Adidas.png\u00bb alt=\u00bb7Up\u00bb title_text=\u00bb_Adidas\u00bb url=\u00bb#adidas\u00bb admin_label=\u00bbAdidas\u00bb _builder_version=\u00bb4.27.4&#8243; _module_preset=\u00bbdefault\u00bb border_radii=\u00bbon|10px|10px|10px|10px\u00bb border_width_all=\u00bb1px\u00bb border_color_all=\u00bb#BABABA\u00bb box_shadow_style=\u00bbpreset3&#8243; box_shadow_blur=\u00bb10px\u00bb box_shadow_vertical_tablet=\u00bb\u00bb box_shadow_vertical_phone=\u00bb10px\u00bb box_shadow_vertical_last_edited=\u00bbon|tablet\u00bb box_shadow_blur_tablet=\u00bb8px\u00bb box_shadow_blur_last_edited=\u00bboff|desktop\u00bb global_colors_info=\u00bb{}\u00bb transform_styles__hover_enabled=\u00bbon|desktop\u00bb transform_scale__hover_enabled=\u00bbon|desktop\u00bb transform_translate__hover_enabled=\u00bbon|desktop\u00bb transform_rotate__hover_enabled=\u00bbon|desktop\u00bb transform_skew__hover_enabled=\u00bbon|desktop\u00bb transform_origin__hover_enabled=\u00bbon|desktop\u00bb transform_scale__hover=\u00bb110%|110%\u00bb theme_builder_area=\u00bbpost_content\u00bb][\/et_pb_image][et_pb_image src=\u00bbhttps:\/\/www.web4.com.ar\/wp-content\/uploads\/2025\/07\/Amazon-2.png\u00bb alt=\u00bbAmazon\u00bb title_text=\u00bbAmazon\u00bb url=\u00bb#amazon\u00bb admin_label=\u00bbAmazon\u00bb _builder_version=\u00bb4.27.4&#8243; _module_preset=\u00bbdefault\u00bb border_radii=\u00bbon|10px|10px|10px|10px\u00bb border_width_all=\u00bb1px\u00bb border_color_all=\u00bb#BABABA\u00bb box_shadow_style=\u00bbpreset3&#8243; box_shadow_blur=\u00bb10px\u00bb box_shadow_vertical_tablet=\u00bb\u00bb box_shadow_vertical_phone=\u00bb10px\u00bb box_shadow_vertical_last_edited=\u00bbon|tablet\u00bb box_shadow_blur_tablet=\u00bb8px\u00bb box_shadow_blur_last_edited=\u00bboff|desktop\u00bb global_colors_info=\u00bb{}\u00bb transform_styles__hover_enabled=\u00bbon|desktop\u00bb transform_scale__hover_enabled=\u00bbon|desktop\u00bb transform_translate__hover_enabled=\u00bbon|desktop\u00bb transform_rotate__hover_enabled=\u00bbon|desktop\u00bb transform_skew__hover_enabled=\u00bbon|desktop\u00bb transform_origin__hover_enabled=\u00bbon|desktop\u00bb transform_scale__hover=\u00bb110%|110%\u00bb theme_builder_area=\u00bbpost_content\u00bb][\/et_pb_image][et_pb_image src=\u00bbhttps:\/\/www.web4.com.ar\/wp-content\/uploads\/2025\/07\/American-Airlines-2.png\u00bb alt=\u00bbAmerican Airlines\u00bb title_text=\u00bbAmerican Airlines\u00bb url=\u00bb#american_airlines\u00bb admin_label=\u00bbAmerican Airlines\u00bb _builder_version=\u00bb4.27.4&#8243; _module_preset=\u00bbdefault\u00bb border_radii=\u00bbon|10px|10px|10px|10px\u00bb border_width_all=\u00bb1px\u00bb border_color_all=\u00bb#BABABA\u00bb box_shadow_style=\u00bbpreset3&#8243; box_shadow_blur=\u00bb10px\u00bb box_shadow_vertical_tablet=\u00bb\u00bb box_shadow_vertical_phone=\u00bb10px\u00bb box_shadow_vertical_last_edited=\u00bbon|tablet\u00bb box_shadow_blur_tablet=\u00bb8px\u00bb box_shadow_blur_last_edited=\u00bboff|desktop\u00bb global_colors_info=\u00bb{}\u00bb transform_styles__hover_enabled=\u00bbon|desktop\u00bb transform_scale__hover_enabled=\u00bbon|desktop\u00bb transform_translate__hover_enabled=\u00bbon|desktop\u00bb transform_rotate__hover_enabled=\u00bbon|desktop\u00bb transform_skew__hover_enabled=\u00bbon|desktop\u00bb transform_origin__hover_enabled=\u00bbon|desktop\u00bb transform_scale__hover=\u00bb110%|110%\u00bb theme_builder_area=\u00bbpost_content\u00bb][\/et_pb_image][et_pb_image src=\u00bbhttps:\/\/www.web4.com.ar\/wp-content\/uploads\/2025\/07\/Animal-Planet-2.png\u00bb alt=\u00bbAnimal Planet\u00bb title_text=\u00bbAnimal Planet\u00bb url=\u00bb#animal_planet\u00bb admin_label=\u00bbAnimal Planet\u00bb _builder_version=\u00bb4.27.4&#8243; _module_preset=\u00bbdefault\u00bb border_radii=\u00bbon|10px|10px|10px|10px\u00bb border_width_all=\u00bb1px\u00bb border_color_all=\u00bb#BABABA\u00bb box_shadow_style=\u00bbpreset3&#8243; box_shadow_blur=\u00bb10px\u00bb box_shadow_vertical_tablet=\u00bb\u00bb box_shadow_vertical_phone=\u00bb10px\u00bb box_shadow_vertical_last_edited=\u00bbon|tablet\u00bb box_shadow_blur_tablet=\u00bb8px\u00bb box_shadow_blur_last_edited=\u00bboff|desktop\u00bb global_colors_info=\u00bb{}\u00bb transform_styles__hover_enabled=\u00bbon|desktop\u00bb transform_scale__hover_enabled=\u00bbon|desktop\u00bb transform_translate__hover_enabled=\u00bbon|desktop\u00bb transform_rotate__hover_enabled=\u00bbon|desktop\u00bb transform_skew__hover_enabled=\u00bbon|desktop\u00bb transform_origin__hover_enabled=\u00bbon|desktop\u00bb transform_scale__hover=\u00bb110%|110%\u00bb theme_builder_area=\u00bbpost_content\u00bb][\/et_pb_image][et_pb_image src=\u00bbhttps:\/\/www.web4.com.ar\/wp-content\/uploads\/2025\/07\/Apple.png\u00bb alt=\u00bb7Up\u00bb title_text=\u00bb_Apple\u00bb url=\u00bb#apple\u00bb admin_label=\u00bbApple\u00bb _builder_version=\u00bb4.27.4&#8243; _module_preset=\u00bbdefault\u00bb border_radii=\u00bbon|10px|10px|10px|10px\u00bb border_width_all=\u00bb1px\u00bb border_color_all=\u00bb#BABABA\u00bb box_shadow_style=\u00bbpreset3&#8243; box_shadow_blur=\u00bb10px\u00bb box_shadow_vertical_tablet=\u00bb\u00bb box_shadow_vertical_phone=\u00bb10px\u00bb box_shadow_vertical_last_edited=\u00bbon|tablet\u00bb box_shadow_blur_tablet=\u00bb8px\u00bb box_shadow_blur_last_edited=\u00bboff|desktop\u00bb global_colors_info=\u00bb{}\u00bb transform_styles__hover_enabled=\u00bbon|desktop\u00bb transform_scale__hover_enabled=\u00bbon|desktop\u00bb transform_translate__hover_enabled=\u00bbon|desktop\u00bb transform_rotate__hover_enabled=\u00bbon|desktop\u00bb transform_skew__hover_enabled=\u00bbon|desktop\u00bb transform_origin__hover_enabled=\u00bbon|desktop\u00bb transform_scale__hover=\u00bb110%|110%\u00bb theme_builder_area=\u00bbpost_content\u00bb][\/et_pb_image][et_pb_image src=\u00bbhttps:\/\/www.web4.com.ar\/wp-content\/uploads\/2025\/07\/Bayer.png\u00bb alt=\u00bb7Up\u00bb title_text=\u00bb_Bayer\u00bb url=\u00bb#bayer\u00bb admin_label=\u00bbBayer\u00bb _builder_version=\u00bb4.27.4&#8243; _module_preset=\u00bbdefault\u00bb border_radii=\u00bbon|10px|10px|10px|10px\u00bb border_width_all=\u00bb1px\u00bb border_color_all=\u00bb#BABABA\u00bb box_shadow_style=\u00bbpreset3&#8243; box_shadow_blur=\u00bb10px\u00bb box_shadow_vertical_tablet=\u00bb\u00bb box_shadow_vertical_phone=\u00bb10px\u00bb box_shadow_vertical_last_edited=\u00bbon|tablet\u00bb box_shadow_blur_tablet=\u00bb8px\u00bb box_shadow_blur_last_edited=\u00bboff|desktop\u00bb global_colors_info=\u00bb{}\u00bb transform_styles__hover_enabled=\u00bbon|desktop\u00bb transform_scale__hover_enabled=\u00bbon|desktop\u00bb transform_translate__hover_enabled=\u00bbon|desktop\u00bb transform_rotate__hover_enabled=\u00bbon|desktop\u00bb transform_skew__hover_enabled=\u00bbon|desktop\u00bb transform_origin__hover_enabled=\u00bbon|desktop\u00bb transform_scale__hover=\u00bb110%|110%\u00bb theme_builder_area=\u00bbpost_content\u00bb][\/et_pb_image][et_pb_image src=\u00bbhttps:\/\/www.web4.com.ar\/wp-content\/uploads\/2025\/07\/BMW.png\u00bb alt=\u00bb7Up\u00bb title_text=\u00bb_BMW\u00bb url=\u00bb#bmw\u00bb admin_label=\u00bbBMW\u00bb _builder_version=\u00bb4.27.4&#8243; _module_preset=\u00bbdefault\u00bb border_radii=\u00bbon|10px|10px|10px|10px\u00bb border_width_all=\u00bb1px\u00bb border_color_all=\u00bb#BABABA\u00bb box_shadow_style=\u00bbpreset3&#8243; box_shadow_blur=\u00bb10px\u00bb box_shadow_vertical_tablet=\u00bb\u00bb box_shadow_vertical_phone=\u00bb10px\u00bb box_shadow_vertical_last_edited=\u00bbon|tablet\u00bb box_shadow_blur_tablet=\u00bb8px\u00bb box_shadow_blur_last_edited=\u00bboff|desktop\u00bb global_colors_info=\u00bb{}\u00bb transform_styles__hover_enabled=\u00bbon|desktop\u00bb transform_scale__hover_enabled=\u00bbon|desktop\u00bb transform_translate__hover_enabled=\u00bbon|desktop\u00bb transform_rotate__hover_enabled=\u00bbon|desktop\u00bb transform_skew__hover_enabled=\u00bbon|desktop\u00bb transform_origin__hover_enabled=\u00bbon|desktop\u00bb transform_scale__hover=\u00bb110%|110%\u00bb theme_builder_area=\u00bbpost_content\u00bb][\/et_pb_image][et_pb_image src=\u00bbhttps:\/\/www.web4.com.ar\/wp-content\/uploads\/2025\/07\/Budweiser.png\u00bb alt=\u00bb7Up\u00bb title_text=\u00bb_Budweiser\u00bb url=\u00bb#budweiser\u00bb admin_label=\u00bbBudweiser\u00bb _builder_version=\u00bb4.27.4&#8243; _module_preset=\u00bbdefault\u00bb border_radii=\u00bbon|10px|10px|10px|10px\u00bb border_width_all=\u00bb1px\u00bb border_color_all=\u00bb#BABABA\u00bb box_shadow_style=\u00bbpreset3&#8243; box_shadow_blur=\u00bb10px\u00bb box_shadow_vertical_tablet=\u00bb\u00bb box_shadow_vertical_phone=\u00bb10px\u00bb box_shadow_vertical_last_edited=\u00bbon|tablet\u00bb box_shadow_blur_tablet=\u00bb8px\u00bb box_shadow_blur_last_edited=\u00bboff|desktop\u00bb global_colors_info=\u00bb{}\u00bb transform_styles__hover_enabled=\u00bbon|desktop\u00bb transform_scale__hover_enabled=\u00bbon|desktop\u00bb transform_translate__hover_enabled=\u00bbon|desktop\u00bb transform_rotate__hover_enabled=\u00bbon|desktop\u00bb transform_skew__hover_enabled=\u00bbon|desktop\u00bb transform_origin__hover_enabled=\u00bbon|desktop\u00bb transform_scale__hover=\u00bb110%|110%\u00bb theme_builder_area=\u00bbpost_content\u00bb][\/et_pb_image][et_pb_image src=\u00bbhttps:\/\/www.web4.com.ar\/wp-content\/uploads\/2025\/07\/Burger-King.png\u00bb alt=\u00bb7Up\u00bb title_text=\u00bb_Burger King\u00bb url=\u00bb#burger_king\u00bb admin_label=\u00bbBurger King\u00bb _builder_version=\u00bb4.27.4&#8243; _module_preset=\u00bbdefault\u00bb border_radii=\u00bbon|10px|10px|10px|10px\u00bb border_width_all=\u00bb1px\u00bb border_color_all=\u00bb#BABABA\u00bb box_shadow_style=\u00bbpreset3&#8243; box_shadow_blur=\u00bb10px\u00bb box_shadow_vertical_tablet=\u00bb\u00bb box_shadow_vertical_phone=\u00bb10px\u00bb box_shadow_vertical_last_edited=\u00bbon|tablet\u00bb box_shadow_blur_tablet=\u00bb8px\u00bb box_shadow_blur_last_edited=\u00bboff|desktop\u00bb global_colors_info=\u00bb{}\u00bb transform_styles__hover_enabled=\u00bbon|desktop\u00bb transform_scale__hover_enabled=\u00bbon|desktop\u00bb transform_translate__hover_enabled=\u00bbon|desktop\u00bb transform_rotate__hover_enabled=\u00bbon|desktop\u00bb transform_skew__hover_enabled=\u00bbon|desktop\u00bb transform_origin__hover_enabled=\u00bbon|desktop\u00bb transform_scale__hover=\u00bb110%|110%\u00bb theme_builder_area=\u00bbpost_content\u00bb][\/et_pb_image][et_pb_image src=\u00bbhttps:\/\/www.web4.com.ar\/wp-content\/uploads\/2025\/07\/carrefour.png\u00bb alt=\u00bb7Up\u00bb title_text=\u00bb_carrefour\u00bb url=\u00bb#carrefour\u00bb admin_label=\u00bbCarrefour\u00bb _builder_version=\u00bb4.27.4&#8243; _module_preset=\u00bbdefault\u00bb border_radii=\u00bbon|10px|10px|10px|10px\u00bb border_width_all=\u00bb1px\u00bb border_color_all=\u00bb#BABABA\u00bb box_shadow_style=\u00bbpreset3&#8243; box_shadow_blur=\u00bb10px\u00bb box_shadow_vertical_tablet=\u00bb\u00bb box_shadow_vertical_phone=\u00bb10px\u00bb box_shadow_vertical_last_edited=\u00bbon|tablet\u00bb box_shadow_blur_tablet=\u00bb8px\u00bb box_shadow_blur_last_edited=\u00bboff|desktop\u00bb global_colors_info=\u00bb{}\u00bb transform_styles__hover_enabled=\u00bbon|desktop\u00bb transform_scale__hover_enabled=\u00bbon|desktop\u00bb transform_translate__hover_enabled=\u00bbon|desktop\u00bb transform_rotate__hover_enabled=\u00bbon|desktop\u00bb transform_skew__hover_enabled=\u00bbon|desktop\u00bb transform_origin__hover_enabled=\u00bbon|desktop\u00bb transform_scale__hover=\u00bb110%|110%\u00bb theme_builder_area=\u00bbpost_content\u00bb][\/et_pb_image][et_pb_image src=\u00bbhttps:\/\/www.web4.com.ar\/wp-content\/uploads\/2025\/07\/Chevrolet-1.png\u00bb alt=\u00bbChevrolet\u00bb title_text=\u00bbChevrolet\u00bb url=\u00bb#chevrolet\u00bb admin_label=\u00bbChevrolet\u00bb _builder_version=\u00bb4.27.4&#8243; _module_preset=\u00bbdefault\u00bb border_radii=\u00bbon|10px|10px|10px|10px\u00bb border_width_all=\u00bb1px\u00bb border_color_all=\u00bb#BABABA\u00bb box_shadow_style=\u00bbpreset3&#8243; box_shadow_blur=\u00bb10px\u00bb box_shadow_vertical_tablet=\u00bb\u00bb box_shadow_vertical_phone=\u00bb10px\u00bb box_shadow_vertical_last_edited=\u00bbon|tablet\u00bb box_shadow_blur_tablet=\u00bb8px\u00bb box_shadow_blur_last_edited=\u00bboff|desktop\u00bb global_colors_info=\u00bb{}\u00bb transform_styles__hover_enabled=\u00bbon|desktop\u00bb transform_scale__hover_enabled=\u00bbon|desktop\u00bb transform_translate__hover_enabled=\u00bbon|desktop\u00bb transform_rotate__hover_enabled=\u00bbon|desktop\u00bb transform_skew__hover_enabled=\u00bbon|desktop\u00bb transform_origin__hover_enabled=\u00bbon|desktop\u00bb transform_scale__hover=\u00bb110%|110%\u00bb theme_builder_area=\u00bbpost_content\u00bb][\/et_pb_image][et_pb_image src=\u00bbhttps:\/\/www.web4.com.ar\/wp-content\/uploads\/2025\/07\/Chupa-Chups-1.png\u00bb alt=\u00bbChupa Chups\u00bb title_text=\u00bbChupa Chups\u00bb url=\u00bb#chupa_chups\u00bb admin_label=\u00bbChupa Chups\u00bb _builder_version=\u00bb4.27.4&#8243; _module_preset=\u00bbdefault\u00bb border_radii=\u00bbon|10px|10px|10px|10px\u00bb border_width_all=\u00bb1px\u00bb border_color_all=\u00bb#BABABA\u00bb box_shadow_style=\u00bbpreset3&#8243; box_shadow_blur=\u00bb10px\u00bb box_shadow_vertical_tablet=\u00bb\u00bb box_shadow_vertical_phone=\u00bb10px\u00bb box_shadow_vertical_last_edited=\u00bbon|tablet\u00bb box_shadow_blur_tablet=\u00bb8px\u00bb box_shadow_blur_last_edited=\u00bboff|desktop\u00bb global_colors_info=\u00bb{}\u00bb transform_styles__hover_enabled=\u00bbon|desktop\u00bb transform_scale__hover_enabled=\u00bbon|desktop\u00bb transform_translate__hover_enabled=\u00bbon|desktop\u00bb transform_rotate__hover_enabled=\u00bbon|desktop\u00bb transform_skew__hover_enabled=\u00bbon|desktop\u00bb transform_origin__hover_enabled=\u00bbon|desktop\u00bb transform_scale__hover=\u00bb110%|110%\u00bb theme_builder_area=\u00bbpost_content\u00bb][\/et_pb_image][et_pb_image src=\u00bbhttps:\/\/www.web4.com.ar\/wp-content\/uploads\/2025\/07\/Citroen-1.png\u00bb alt=\u00bbCitroen\u00bb title_text=\u00bbCitroen\u00bb url=\u00bb#citroen\u00bb admin_label=\u00bbCitroen\u00bb _builder_version=\u00bb4.27.4&#8243; _module_preset=\u00bbdefault\u00bb border_radii=\u00bbon|10px|10px|10px|10px\u00bb border_width_all=\u00bb1px\u00bb border_color_all=\u00bb#BABABA\u00bb box_shadow_style=\u00bbpreset3&#8243; box_shadow_blur=\u00bb10px\u00bb box_shadow_vertical_tablet=\u00bb\u00bb box_shadow_vertical_phone=\u00bb10px\u00bb box_shadow_vertical_last_edited=\u00bbon|tablet\u00bb box_shadow_blur_tablet=\u00bb8px\u00bb box_shadow_blur_last_edited=\u00bboff|desktop\u00bb global_colors_info=\u00bb{}\u00bb transform_styles__hover_enabled=\u00bbon|desktop\u00bb transform_scale__hover_enabled=\u00bbon|desktop\u00bb transform_translate__hover_enabled=\u00bbon|desktop\u00bb transform_rotate__hover_enabled=\u00bbon|desktop\u00bb transform_skew__hover_enabled=\u00bbon|desktop\u00bb transform_origin__hover_enabled=\u00bbon|desktop\u00bb transform_scale__hover=\u00bb110%|110%\u00bb theme_builder_area=\u00bbpost_content\u00bb][\/et_pb_image][et_pb_image src=\u00bbhttps:\/\/www.web4.com.ar\/wp-content\/uploads\/2025\/07\/Disney-Channel-1.png\u00bb alt=\u00bbDisney Channel\u00bb title_text=\u00bbDisney Channel\u00bb url=\u00bb#disney_channel\u00bb admin_label=\u00bbDisney Channel\u00bb _builder_version=\u00bb4.27.4&#8243; _module_preset=\u00bbdefault\u00bb border_radii=\u00bbon|10px|10px|10px|10px\u00bb border_width_all=\u00bb1px\u00bb border_color_all=\u00bb#BABABA\u00bb box_shadow_style=\u00bbpreset3&#8243; box_shadow_blur=\u00bb10px\u00bb box_shadow_vertical_tablet=\u00bb\u00bb box_shadow_vertical_phone=\u00bb10px\u00bb box_shadow_vertical_last_edited=\u00bbon|tablet\u00bb box_shadow_blur_tablet=\u00bb8px\u00bb box_shadow_blur_last_edited=\u00bboff|desktop\u00bb global_colors_info=\u00bb{}\u00bb transform_styles__hover_enabled=\u00bbon|desktop\u00bb transform_scale__hover_enabled=\u00bbon|desktop\u00bb transform_translate__hover_enabled=\u00bbon|desktop\u00bb transform_rotate__hover_enabled=\u00bbon|desktop\u00bb transform_skew__hover_enabled=\u00bbon|desktop\u00bb transform_origin__hover_enabled=\u00bbon|desktop\u00bb transform_scale__hover=\u00bb110%|110%\u00bb theme_builder_area=\u00bbpost_content\u00bb][\/et_pb_image][et_pb_image src=\u00bbhttps:\/\/www.web4.com.ar\/wp-content\/uploads\/2025\/07\/Fanta.png\u00bb alt=\u00bbFanta\u00bb title_text=\u00bbFanta\u00bb url=\u00bb#fanta\u00bb admin_label=\u00bbFanta\u00bb _builder_version=\u00bb4.27.4&#8243; _module_preset=\u00bbdefault\u00bb border_radii=\u00bbon|10px|10px|10px|10px\u00bb border_width_all=\u00bb1px\u00bb border_color_all=\u00bb#BABABA\u00bb box_shadow_style=\u00bbpreset3&#8243; box_shadow_blur=\u00bb10px\u00bb box_shadow_vertical_tablet=\u00bb\u00bb box_shadow_vertical_phone=\u00bb10px\u00bb box_shadow_vertical_last_edited=\u00bbon|tablet\u00bb box_shadow_blur_tablet=\u00bb8px\u00bb box_shadow_blur_last_edited=\u00bboff|desktop\u00bb global_colors_info=\u00bb{}\u00bb transform_styles__hover_enabled=\u00bbon|desktop\u00bb transform_scale__hover_enabled=\u00bbon|desktop\u00bb transform_translate__hover_enabled=\u00bbon|desktop\u00bb transform_rotate__hover_enabled=\u00bbon|desktop\u00bb transform_skew__hover_enabled=\u00bbon|desktop\u00bb transform_origin__hover_enabled=\u00bbon|desktop\u00bb transform_scale__hover=\u00bb110%|110%\u00bb theme_builder_area=\u00bbpost_content\u00bb][\/et_pb_image][et_pb_image src=\u00bbhttps:\/\/www.web4.com.ar\/wp-content\/uploads\/2025\/07\/FedEx-1.png\u00bb alt=\u00bbFedEx\u00bb title_text=\u00bbFedEx\u00bb url=\u00bb#fedex\u00bb admin_label=\u00bbFedEx\u00bb _builder_version=\u00bb4.27.4&#8243; _module_preset=\u00bbdefault\u00bb border_radii=\u00bbon|10px|10px|10px|10px\u00bb border_width_all=\u00bb1px\u00bb border_color_all=\u00bb#BABABA\u00bb box_shadow_style=\u00bbpreset3&#8243; box_shadow_blur=\u00bb10px\u00bb box_shadow_vertical_tablet=\u00bb\u00bb box_shadow_vertical_phone=\u00bb10px\u00bb box_shadow_vertical_last_edited=\u00bbon|tablet\u00bb box_shadow_blur_tablet=\u00bb8px\u00bb box_shadow_blur_last_edited=\u00bboff|desktop\u00bb global_colors_info=\u00bb{}\u00bb transform_styles__hover_enabled=\u00bbon|desktop\u00bb transform_scale__hover_enabled=\u00bbon|desktop\u00bb transform_translate__hover_enabled=\u00bbon|desktop\u00bb transform_rotate__hover_enabled=\u00bbon|desktop\u00bb transform_skew__hover_enabled=\u00bbon|desktop\u00bb transform_origin__hover_enabled=\u00bbon|desktop\u00bb transform_scale__hover=\u00bb110%|110%\u00bb theme_builder_area=\u00bbpost_content\u00bb][\/et_pb_image][et_pb_image src=\u00bbhttps:\/\/www.web4.com.ar\/wp-content\/uploads\/2025\/07\/Ford-1.png\u00bb alt=\u00bbFord\u00bb title_text=\u00bbFord\u00bb url=\u00bb#ford\u00bb admin_label=\u00bbFord\u00bb _builder_version=\u00bb4.27.4&#8243; _module_preset=\u00bbdefault\u00bb border_radii=\u00bbon|10px|10px|10px|10px\u00bb border_width_all=\u00bb1px\u00bb border_color_all=\u00bb#BABABA\u00bb box_shadow_style=\u00bbpreset3&#8243; box_shadow_blur=\u00bb10px\u00bb box_shadow_vertical_tablet=\u00bb\u00bb box_shadow_vertical_phone=\u00bb10px\u00bb box_shadow_vertical_last_edited=\u00bbon|tablet\u00bb box_shadow_blur_tablet=\u00bb8px\u00bb box_shadow_blur_last_edited=\u00bboff|desktop\u00bb global_colors_info=\u00bb{}\u00bb transform_styles__hover_enabled=\u00bbon|desktop\u00bb transform_scale__hover_enabled=\u00bbon|desktop\u00bb transform_translate__hover_enabled=\u00bbon|desktop\u00bb transform_rotate__hover_enabled=\u00bbon|desktop\u00bb transform_skew__hover_enabled=\u00bbon|desktop\u00bb transform_origin__hover_enabled=\u00bbon|desktop\u00bb transform_scale__hover=\u00bb110%|110%\u00bb theme_builder_area=\u00bbpost_content\u00bb][\/et_pb_image][et_pb_image src=\u00bbhttps:\/\/www.web4.com.ar\/wp-content\/uploads\/2025\/07\/Gatorade-1.png\u00bb alt=\u00bbGatorade\u00bb title_text=\u00bbGatorade\u00bb url=\u00bb#gatorade\u00bb admin_label=\u00bbGatorade\u00bb _builder_version=\u00bb4.27.4&#8243; _module_preset=\u00bbdefault\u00bb border_radii=\u00bbon|10px|10px|10px|10px\u00bb border_width_all=\u00bb1px\u00bb border_color_all=\u00bb#BABABA\u00bb box_shadow_style=\u00bbpreset3&#8243; box_shadow_blur=\u00bb10px\u00bb box_shadow_vertical_tablet=\u00bb\u00bb box_shadow_vertical_phone=\u00bb10px\u00bb box_shadow_vertical_last_edited=\u00bbon|tablet\u00bb box_shadow_blur_tablet=\u00bb8px\u00bb box_shadow_blur_last_edited=\u00bboff|desktop\u00bb global_colors_info=\u00bb{}\u00bb transform_styles__hover_enabled=\u00bbon|desktop\u00bb transform_scale__hover_enabled=\u00bbon|desktop\u00bb transform_translate__hover_enabled=\u00bbon|desktop\u00bb transform_rotate__hover_enabled=\u00bbon|desktop\u00bb transform_skew__hover_enabled=\u00bbon|desktop\u00bb transform_origin__hover_enabled=\u00bbon|desktop\u00bb transform_scale__hover=\u00bb110%|110%\u00bb theme_builder_area=\u00bbpost_content\u00bb][\/et_pb_image][et_pb_image src=\u00bbhttps:\/\/www.web4.com.ar\/wp-content\/uploads\/2025\/07\/Google-1.png\u00bb alt=\u00bbGoogle\u00bb title_text=\u00bbGoogle\u00bb url=\u00bb#google\u00bb admin_label=\u00bbGoogle\u00bb _builder_version=\u00bb4.27.4&#8243; _module_preset=\u00bbdefault\u00bb border_radii=\u00bbon|10px|10px|10px|10px\u00bb border_width_all=\u00bb1px\u00bb border_color_all=\u00bb#BABABA\u00bb box_shadow_style=\u00bbpreset3&#8243; box_shadow_blur=\u00bb10px\u00bb box_shadow_vertical_tablet=\u00bb\u00bb box_shadow_vertical_phone=\u00bb10px\u00bb box_shadow_vertical_last_edited=\u00bbon|tablet\u00bb box_shadow_blur_tablet=\u00bb8px\u00bb box_shadow_blur_last_edited=\u00bboff|desktop\u00bb global_colors_info=\u00bb{}\u00bb transform_styles__hover_enabled=\u00bbon|desktop\u00bb transform_scale__hover_enabled=\u00bbon|desktop\u00bb transform_translate__hover_enabled=\u00bbon|desktop\u00bb transform_rotate__hover_enabled=\u00bbon|desktop\u00bb transform_skew__hover_enabled=\u00bbon|desktop\u00bb transform_origin__hover_enabled=\u00bbon|desktop\u00bb transform_scale__hover=\u00bb110%|110%\u00bb theme_builder_area=\u00bbpost_content\u00bb][\/et_pb_image][et_pb_image src=\u00bbhttps:\/\/www.web4.com.ar\/wp-content\/uploads\/2025\/07\/Heineken-1.png\u00bb alt=\u00bbHeineken\u00bb title_text=\u00bbHeineken\u00bb url=\u00bb#heineken\u00bb admin_label=\u00bbHeineken\u00bb _builder_version=\u00bb4.27.4&#8243; _module_preset=\u00bbdefault\u00bb border_radii=\u00bbon|10px|10px|10px|10px\u00bb border_width_all=\u00bb1px\u00bb border_color_all=\u00bb#BABABA\u00bb box_shadow_style=\u00bbpreset3&#8243; box_shadow_blur=\u00bb10px\u00bb box_shadow_vertical_tablet=\u00bb\u00bb box_shadow_vertical_phone=\u00bb10px\u00bb box_shadow_vertical_last_edited=\u00bbon|tablet\u00bb box_shadow_blur_tablet=\u00bb8px\u00bb box_shadow_blur_last_edited=\u00bboff|desktop\u00bb global_colors_info=\u00bb{}\u00bb transform_styles__hover_enabled=\u00bbon|desktop\u00bb transform_scale__hover_enabled=\u00bbon|desktop\u00bb transform_translate__hover_enabled=\u00bbon|desktop\u00bb transform_rotate__hover_enabled=\u00bbon|desktop\u00bb transform_skew__hover_enabled=\u00bbon|desktop\u00bb transform_origin__hover_enabled=\u00bbon|desktop\u00bb transform_scale__hover=\u00bb110%|110%\u00bb theme_builder_area=\u00bbpost_content\u00bb][\/et_pb_image][et_pb_image src=\u00bbhttps:\/\/www.web4.com.ar\/wp-content\/uploads\/2025\/07\/Iberia-1.png\u00bb alt=\u00bbIberia\u00bb title_text=\u00bbIberia\u00bb url=\u00bb#iberia\u00bb admin_label=\u00bbIberia\u00bb _builder_version=\u00bb4.27.4&#8243; _module_preset=\u00bbdefault\u00bb border_radii=\u00bbon|10px|10px|10px|10px\u00bb border_width_all=\u00bb1px\u00bb border_color_all=\u00bb#BABABA\u00bb box_shadow_style=\u00bbpreset3&#8243; box_shadow_blur=\u00bb10px\u00bb box_shadow_vertical_tablet=\u00bb\u00bb box_shadow_vertical_phone=\u00bb10px\u00bb box_shadow_vertical_last_edited=\u00bbon|tablet\u00bb box_shadow_blur_tablet=\u00bb8px\u00bb box_shadow_blur_last_edited=\u00bboff|desktop\u00bb global_colors_info=\u00bb{}\u00bb transform_styles__hover_enabled=\u00bbon|desktop\u00bb transform_scale__hover_enabled=\u00bbon|desktop\u00bb transform_translate__hover_enabled=\u00bbon|desktop\u00bb transform_rotate__hover_enabled=\u00bbon|desktop\u00bb transform_skew__hover_enabled=\u00bbon|desktop\u00bb transform_origin__hover_enabled=\u00bbon|desktop\u00bb transform_scale__hover=\u00bb110%|110%\u00bb theme_builder_area=\u00bbpost_content\u00bb][\/et_pb_image][et_pb_image src=\u00bbhttps:\/\/www.web4.com.ar\/wp-content\/uploads\/2025\/07\/IBM-1.png\u00bb alt=\u00bbIBM\u00bb title_text=\u00bbIBM\u00bb url=\u00bb#ibm\u00bb admin_label=\u00bbIBM\u00bb _builder_version=\u00bb4.27.4&#8243; _module_preset=\u00bbdefault\u00bb border_radii=\u00bbon|10px|10px|10px|10px\u00bb border_width_all=\u00bb1px\u00bb border_color_all=\u00bb#BABABA\u00bb box_shadow_style=\u00bbpreset3&#8243; box_shadow_blur=\u00bb10px\u00bb box_shadow_vertical_tablet=\u00bb\u00bb box_shadow_vertical_phone=\u00bb10px\u00bb box_shadow_vertical_last_edited=\u00bbon|tablet\u00bb box_shadow_blur_tablet=\u00bb8px\u00bb box_shadow_blur_last_edited=\u00bboff|desktop\u00bb global_colors_info=\u00bb{}\u00bb transform_styles__hover_enabled=\u00bbon|desktop\u00bb transform_scale__hover_enabled=\u00bbon|desktop\u00bb transform_translate__hover_enabled=\u00bbon|desktop\u00bb transform_rotate__hover_enabled=\u00bbon|desktop\u00bb transform_skew__hover_enabled=\u00bbon|desktop\u00bb transform_origin__hover_enabled=\u00bbon|desktop\u00bb transform_scale__hover=\u00bb110%|110%\u00bb theme_builder_area=\u00bbpost_content\u00bb][\/et_pb_image][et_pb_image src=\u00bbhttps:\/\/www.web4.com.ar\/wp-content\/uploads\/2025\/07\/Instagram-1.png\u00bb alt=\u00bbInstagram\u00bb title_text=\u00bbInstagram\u00bb url=\u00bb#instagram\u00bb admin_label=\u00bbInstagram\u00bb _builder_version=\u00bb4.27.4&#8243; _module_preset=\u00bbdefault\u00bb border_radii=\u00bbon|10px|10px|10px|10px\u00bb border_width_all=\u00bb1px\u00bb border_color_all=\u00bb#BABABA\u00bb box_shadow_style=\u00bbpreset3&#8243; box_shadow_blur=\u00bb10px\u00bb box_shadow_vertical_tablet=\u00bb\u00bb box_shadow_vertical_phone=\u00bb10px\u00bb box_shadow_vertical_last_edited=\u00bbon|tablet\u00bb box_shadow_blur_tablet=\u00bb8px\u00bb box_shadow_blur_last_edited=\u00bboff|desktop\u00bb global_colors_info=\u00bb{}\u00bb transform_styles__hover_enabled=\u00bbon|desktop\u00bb transform_scale__hover_enabled=\u00bbon|desktop\u00bb transform_translate__hover_enabled=\u00bbon|desktop\u00bb transform_rotate__hover_enabled=\u00bbon|desktop\u00bb transform_skew__hover_enabled=\u00bbon|desktop\u00bb transform_origin__hover_enabled=\u00bbon|desktop\u00bb transform_scale__hover=\u00bb110%|110%\u00bb theme_builder_area=\u00bbpost_content\u00bb][\/et_pb_image][et_pb_image src=\u00bbhttps:\/\/www.web4.com.ar\/wp-content\/uploads\/2025\/07\/Jaguar-1.png\u00bb alt=\u00bbJaguar\u00bb title_text=\u00bbJaguar\u00bb url=\u00bb#jaguar\u00bb admin_label=\u00bbJaguar\u00bb _builder_version=\u00bb4.27.4&#8243; _module_preset=\u00bbdefault\u00bb border_radii=\u00bbon|10px|10px|10px|10px\u00bb border_width_all=\u00bb1px\u00bb border_color_all=\u00bb#BABABA\u00bb box_shadow_style=\u00bbpreset3&#8243; box_shadow_blur=\u00bb10px\u00bb box_shadow_vertical_tablet=\u00bb\u00bb box_shadow_vertical_phone=\u00bb10px\u00bb box_shadow_vertical_last_edited=\u00bbon|tablet\u00bb box_shadow_blur_tablet=\u00bb8px\u00bb box_shadow_blur_last_edited=\u00bboff|desktop\u00bb global_colors_info=\u00bb{}\u00bb transform_styles__hover_enabled=\u00bbon|desktop\u00bb transform_scale__hover_enabled=\u00bbon|desktop\u00bb transform_translate__hover_enabled=\u00bbon|desktop\u00bb transform_rotate__hover_enabled=\u00bbon|desktop\u00bb transform_skew__hover_enabled=\u00bbon|desktop\u00bb transform_origin__hover_enabled=\u00bbon|desktop\u00bb transform_scale__hover=\u00bb110%|110%\u00bb theme_builder_area=\u00bbpost_content\u00bb][\/et_pb_image][et_pb_image src=\u00bbhttps:\/\/www.web4.com.ar\/wp-content\/uploads\/2025\/07\/KFC-1.png\u00bb alt=\u00bbKFC\u00bb title_text=\u00bbKFC\u00bb url=\u00bb#kfc\u00bb admin_label=\u00bbKFC\u00bb _builder_version=\u00bb4.27.4&#8243; _module_preset=\u00bbdefault\u00bb border_radii=\u00bbon|10px|10px|10px|10px\u00bb border_width_all=\u00bb1px\u00bb border_color_all=\u00bb#BABABA\u00bb box_shadow_style=\u00bbpreset3&#8243; box_shadow_blur=\u00bb10px\u00bb box_shadow_vertical_tablet=\u00bb\u00bb box_shadow_vertical_phone=\u00bb10px\u00bb box_shadow_vertical_last_edited=\u00bbon|tablet\u00bb box_shadow_blur_tablet=\u00bb8px\u00bb box_shadow_blur_last_edited=\u00bboff|desktop\u00bb global_colors_info=\u00bb{}\u00bb transform_styles__hover_enabled=\u00bbon|desktop\u00bb transform_scale__hover_enabled=\u00bbon|desktop\u00bb transform_translate__hover_enabled=\u00bbon|desktop\u00bb transform_rotate__hover_enabled=\u00bbon|desktop\u00bb transform_skew__hover_enabled=\u00bbon|desktop\u00bb transform_origin__hover_enabled=\u00bbon|desktop\u00bb transform_scale__hover=\u00bb110%|110%\u00bb theme_builder_area=\u00bbpost_content\u00bb][\/et_pb_image][et_pb_image src=\u00bbhttps:\/\/www.web4.com.ar\/wp-content\/uploads\/2025\/07\/Kodak-1.png\u00bb alt=\u00bbKodak\u00bb title_text=\u00bbKodak\u00bb url=\u00bb#kodak\u00bb admin_label=\u00bbKodak\u00bb _builder_version=\u00bb4.27.4&#8243; _module_preset=\u00bbdefault\u00bb border_radii=\u00bbon|10px|10px|10px|10px\u00bb border_width_all=\u00bb1px\u00bb border_color_all=\u00bb#BABABA\u00bb box_shadow_style=\u00bbpreset3&#8243; box_shadow_blur=\u00bb10px\u00bb box_shadow_vertical_tablet=\u00bb\u00bb box_shadow_vertical_phone=\u00bb10px\u00bb box_shadow_vertical_last_edited=\u00bbon|tablet\u00bb box_shadow_blur_tablet=\u00bb8px\u00bb box_shadow_blur_last_edited=\u00bboff|desktop\u00bb global_colors_info=\u00bb{}\u00bb transform_styles__hover_enabled=\u00bbon|desktop\u00bb transform_scale__hover_enabled=\u00bbon|desktop\u00bb transform_translate__hover_enabled=\u00bbon|desktop\u00bb transform_rotate__hover_enabled=\u00bbon|desktop\u00bb transform_skew__hover_enabled=\u00bbon|desktop\u00bb transform_origin__hover_enabled=\u00bbon|desktop\u00bb transform_scale__hover=\u00bb110%|110%\u00bb theme_builder_area=\u00bbpost_content\u00bb][\/et_pb_image][et_pb_image src=\u00bbhttps:\/\/www.web4.com.ar\/wp-content\/uploads\/2025\/07\/Lays-1.png\u00bb alt=\u00bbLay&#8217;s\u00bb title_text=\u00bbLay&#8217;s\u00bb url=\u00bb#lays\u00bb admin_label=\u00bbLays\u00bb _builder_version=\u00bb4.27.4&#8243; _module_preset=\u00bbdefault\u00bb border_radii=\u00bbon|10px|10px|10px|10px\u00bb border_width_all=\u00bb1px\u00bb border_color_all=\u00bb#BABABA\u00bb box_shadow_style=\u00bbpreset3&#8243; box_shadow_blur=\u00bb10px\u00bb box_shadow_vertical_tablet=\u00bb\u00bb box_shadow_vertical_phone=\u00bb10px\u00bb box_shadow_vertical_last_edited=\u00bbon|tablet\u00bb box_shadow_blur_tablet=\u00bb8px\u00bb box_shadow_blur_last_edited=\u00bboff|desktop\u00bb global_colors_info=\u00bb{}\u00bb transform_styles__hover_enabled=\u00bbon|desktop\u00bb transform_scale__hover_enabled=\u00bbon|desktop\u00bb transform_translate__hover_enabled=\u00bbon|desktop\u00bb transform_rotate__hover_enabled=\u00bbon|desktop\u00bb transform_skew__hover_enabled=\u00bbon|desktop\u00bb transform_origin__hover_enabled=\u00bbon|desktop\u00bb transform_scale__hover=\u00bb110%|110%\u00bb theme_builder_area=\u00bbpost_content\u00bb][\/et_pb_image][et_pb_image src=\u00bbhttps:\/\/www.web4.com.ar\/wp-content\/uploads\/2025\/07\/Levis-1.png\u00bb alt=\u00bbLevi&#8217;s\u00bb title_text=\u00bbLevi&#8217;s\u00bb url=\u00bb#levis\u00bb admin_label=\u00bbLevis\u00bb _builder_version=\u00bb4.27.4&#8243; _module_preset=\u00bbdefault\u00bb border_radii=\u00bbon|10px|10px|10px|10px\u00bb border_width_all=\u00bb1px\u00bb border_color_all=\u00bb#BABABA\u00bb box_shadow_style=\u00bbpreset3&#8243; box_shadow_blur=\u00bb10px\u00bb box_shadow_vertical_tablet=\u00bb\u00bb box_shadow_vertical_phone=\u00bb10px\u00bb box_shadow_vertical_last_edited=\u00bbon|tablet\u00bb box_shadow_blur_tablet=\u00bb8px\u00bb box_shadow_blur_last_edited=\u00bboff|desktop\u00bb global_colors_info=\u00bb{}\u00bb transform_styles__hover_enabled=\u00bbon|desktop\u00bb transform_scale__hover_enabled=\u00bbon|desktop\u00bb transform_translate__hover_enabled=\u00bbon|desktop\u00bb transform_rotate__hover_enabled=\u00bbon|desktop\u00bb transform_skew__hover_enabled=\u00bbon|desktop\u00bb transform_origin__hover_enabled=\u00bbon|desktop\u00bb transform_scale__hover=\u00bb110%|110%\u00bb theme_builder_area=\u00bbpost_content\u00bb][\/et_pb_image][et_pb_image src=\u00bbhttps:\/\/www.web4.com.ar\/wp-content\/uploads\/2025\/07\/Logitech-1.png\u00bb alt=\u00bbLogitech\u00bb title_text=\u00bbLogitech\u00bb url=\u00bb#logitech\u00bb admin_label=\u00bbLogitech\u00bb _builder_version=\u00bb4.27.4&#8243; _module_preset=\u00bbdefault\u00bb border_radii=\u00bbon|10px|10px|10px|10px\u00bb border_width_all=\u00bb1px\u00bb border_color_all=\u00bb#BABABA\u00bb box_shadow_style=\u00bbpreset3&#8243; box_shadow_blur=\u00bb10px\u00bb box_shadow_vertical_tablet=\u00bb\u00bb box_shadow_vertical_phone=\u00bb10px\u00bb box_shadow_vertical_last_edited=\u00bbon|tablet\u00bb box_shadow_blur_tablet=\u00bb8px\u00bb box_shadow_blur_last_edited=\u00bboff|desktop\u00bb global_colors_info=\u00bb{}\u00bb transform_styles__hover_enabled=\u00bbon|desktop\u00bb transform_scale__hover_enabled=\u00bbon|desktop\u00bb transform_translate__hover_enabled=\u00bbon|desktop\u00bb transform_rotate__hover_enabled=\u00bbon|desktop\u00bb transform_skew__hover_enabled=\u00bbon|desktop\u00bb transform_origin__hover_enabled=\u00bbon|desktop\u00bb transform_scale__hover=\u00bb110%|110%\u00bb theme_builder_area=\u00bbpost_content\u00bb][\/et_pb_image][et_pb_image src=\u00bbhttps:\/\/www.web4.com.ar\/wp-content\/uploads\/2025\/07\/McDonalds.png\u00bb alt=\u00bbMcDonald&#8217;s\u00bb title_text=\u00bbMcDonald&#8217;s\u00bb url=\u00bb#mcdonalds\u00bb admin_label=\u00bbMcDonalds\u00bb _builder_version=\u00bb4.27.4&#8243; _module_preset=\u00bbdefault\u00bb border_radii=\u00bbon|10px|10px|10px|10px\u00bb border_width_all=\u00bb1px\u00bb border_color_all=\u00bb#BABABA\u00bb box_shadow_style=\u00bbpreset3&#8243; box_shadow_blur=\u00bb10px\u00bb box_shadow_vertical_tablet=\u00bb\u00bb box_shadow_vertical_phone=\u00bb10px\u00bb box_shadow_vertical_last_edited=\u00bbon|tablet\u00bb box_shadow_blur_tablet=\u00bb8px\u00bb box_shadow_blur_last_edited=\u00bboff|desktop\u00bb global_colors_info=\u00bb{}\u00bb transform_styles__hover_enabled=\u00bbon|desktop\u00bb transform_scale__hover_enabled=\u00bbon|desktop\u00bb transform_translate__hover_enabled=\u00bbon|desktop\u00bb transform_rotate__hover_enabled=\u00bbon|desktop\u00bb transform_skew__hover_enabled=\u00bbon|desktop\u00bb transform_origin__hover_enabled=\u00bbon|desktop\u00bb transform_scale__hover=\u00bb110%|110%\u00bb theme_builder_area=\u00bbpost_content\u00bb][\/et_pb_image][et_pb_image src=\u00bbhttps:\/\/www.web4.com.ar\/wp-content\/uploads\/2025\/07\/Mercedes-Benz-1.png\u00bb alt=\u00bbMercedes Benz\u00bb title_text=\u00bbMercedes Benz\u00bb url=\u00bb#mercedes_benz\u00bb admin_label=\u00bbMercedes Benz\u00bb _builder_version=\u00bb4.27.4&#8243; _module_preset=\u00bbdefault\u00bb border_radii=\u00bbon|10px|10px|10px|10px\u00bb border_width_all=\u00bb1px\u00bb border_color_all=\u00bb#BABABA\u00bb box_shadow_style=\u00bbpreset3&#8243; box_shadow_blur=\u00bb10px\u00bb box_shadow_vertical_tablet=\u00bb\u00bb box_shadow_vertical_phone=\u00bb10px\u00bb box_shadow_vertical_last_edited=\u00bbon|tablet\u00bb box_shadow_blur_tablet=\u00bb8px\u00bb box_shadow_blur_last_edited=\u00bboff|desktop\u00bb global_colors_info=\u00bb{}\u00bb transform_styles__hover_enabled=\u00bbon|desktop\u00bb transform_scale__hover_enabled=\u00bbon|desktop\u00bb transform_translate__hover_enabled=\u00bbon|desktop\u00bb transform_rotate__hover_enabled=\u00bbon|desktop\u00bb transform_skew__hover_enabled=\u00bbon|desktop\u00bb transform_origin__hover_enabled=\u00bbon|desktop\u00bb transform_scale__hover=\u00bb110%|110%\u00bb theme_builder_area=\u00bbpost_content\u00bb][\/et_pb_image][et_pb_image src=\u00bbhttps:\/\/www.web4.com.ar\/wp-content\/uploads\/2025\/07\/Microsoft-1.png\u00bb alt=\u00bbMicrosoft\u00bb title_text=\u00bbMicrosoft\u00bb url=\u00bb#microsoft\u00bb admin_label=\u00bbMicrosoft\u00bb _builder_version=\u00bb4.27.4&#8243; _module_preset=\u00bbdefault\u00bb border_radii=\u00bbon|10px|10px|10px|10px\u00bb border_width_all=\u00bb1px\u00bb border_color_all=\u00bb#BABABA\u00bb box_shadow_style=\u00bbpreset3&#8243; box_shadow_blur=\u00bb10px\u00bb box_shadow_vertical_tablet=\u00bb\u00bb box_shadow_vertical_phone=\u00bb10px\u00bb box_shadow_vertical_last_edited=\u00bbon|tablet\u00bb box_shadow_blur_tablet=\u00bb8px\u00bb box_shadow_blur_last_edited=\u00bboff|desktop\u00bb global_colors_info=\u00bb{}\u00bb transform_styles__hover_enabled=\u00bbon|desktop\u00bb transform_scale__hover_enabled=\u00bbon|desktop\u00bb transform_translate__hover_enabled=\u00bbon|desktop\u00bb transform_rotate__hover_enabled=\u00bbon|desktop\u00bb transform_skew__hover_enabled=\u00bbon|desktop\u00bb transform_origin__hover_enabled=\u00bbon|desktop\u00bb transform_scale__hover=\u00bb110%|110%\u00bb theme_builder_area=\u00bbpost_content\u00bb][\/et_pb_image][et_pb_image src=\u00bbhttps:\/\/www.web4.com.ar\/wp-content\/uploads\/2025\/07\/Mirinda-1.png\u00bb alt=\u00bbMirinda\u00bb title_text=\u00bbMirinda\u00bb url=\u00bb#mirinda\u00bb admin_label=\u00bbMirinda\u00bb _builder_version=\u00bb4.27.4&#8243; _module_preset=\u00bbdefault\u00bb border_radii=\u00bbon|10px|10px|10px|10px\u00bb border_width_all=\u00bb1px\u00bb border_color_all=\u00bb#BABABA\u00bb box_shadow_style=\u00bbpreset3&#8243; box_shadow_blur=\u00bb10px\u00bb box_shadow_vertical_tablet=\u00bb\u00bb box_shadow_vertical_phone=\u00bb10px\u00bb box_shadow_vertical_last_edited=\u00bbon|tablet\u00bb box_shadow_blur_tablet=\u00bb8px\u00bb box_shadow_blur_last_edited=\u00bboff|desktop\u00bb global_colors_info=\u00bb{}\u00bb transform_styles__hover_enabled=\u00bbon|desktop\u00bb transform_scale__hover_enabled=\u00bbon|desktop\u00bb transform_translate__hover_enabled=\u00bbon|desktop\u00bb transform_rotate__hover_enabled=\u00bbon|desktop\u00bb transform_skew__hover_enabled=\u00bbon|desktop\u00bb transform_origin__hover_enabled=\u00bbon|desktop\u00bb transform_scale__hover=\u00bb110%|110%\u00bb theme_builder_area=\u00bbpost_content\u00bb][\/et_pb_image][et_pb_image src=\u00bbhttps:\/\/www.web4.com.ar\/wp-content\/uploads\/2025\/07\/Netflix-1.png\u00bb alt=\u00bbNetflix\u00bb title_text=\u00bbNetflix\u00bb url=\u00bb#netflix\u00bb admin_label=\u00bbNetflix\u00bb _builder_version=\u00bb4.27.4&#8243; _module_preset=\u00bbdefault\u00bb border_radii=\u00bbon|10px|10px|10px|10px\u00bb border_width_all=\u00bb1px\u00bb border_color_all=\u00bb#BABABA\u00bb box_shadow_style=\u00bbpreset3&#8243; box_shadow_blur=\u00bb10px\u00bb box_shadow_vertical_tablet=\u00bb\u00bb box_shadow_vertical_phone=\u00bb10px\u00bb box_shadow_vertical_last_edited=\u00bbon|tablet\u00bb box_shadow_blur_tablet=\u00bb8px\u00bb box_shadow_blur_last_edited=\u00bboff|desktop\u00bb global_colors_info=\u00bb{}\u00bb transform_styles__hover_enabled=\u00bbon|desktop\u00bb transform_scale__hover_enabled=\u00bbon|desktop\u00bb transform_translate__hover_enabled=\u00bbon|desktop\u00bb transform_rotate__hover_enabled=\u00bbon|desktop\u00bb transform_skew__hover_enabled=\u00bbon|desktop\u00bb transform_origin__hover_enabled=\u00bbon|desktop\u00bb transform_scale__hover=\u00bb110%|110%\u00bb theme_builder_area=\u00bbpost_content\u00bb][\/et_pb_image][et_pb_image src=\u00bbhttps:\/\/www.web4.com.ar\/wp-content\/uploads\/2025\/07\/Pepsi.png\u00bb alt=\u00bbPepsi\u00bb title_text=\u00bbPepsi\u00bb url=\u00bb#pepsi\u00bb admin_label=\u00bbPepsi\u00bb _builder_version=\u00bb4.27.4&#8243; _module_preset=\u00bbdefault\u00bb border_radii=\u00bbon|10px|10px|10px|10px\u00bb border_width_all=\u00bb1px\u00bb border_color_all=\u00bb#BABABA\u00bb box_shadow_style=\u00bbpreset3&#8243; box_shadow_blur=\u00bb10px\u00bb box_shadow_vertical_tablet=\u00bb\u00bb box_shadow_vertical_phone=\u00bb10px\u00bb box_shadow_vertical_last_edited=\u00bbon|tablet\u00bb box_shadow_blur_tablet=\u00bb8px\u00bb box_shadow_blur_last_edited=\u00bboff|desktop\u00bb global_colors_info=\u00bb{}\u00bb transform_styles__hover_enabled=\u00bbon|desktop\u00bb transform_scale__hover_enabled=\u00bbon|desktop\u00bb transform_translate__hover_enabled=\u00bbon|desktop\u00bb transform_rotate__hover_enabled=\u00bbon|desktop\u00bb transform_skew__hover_enabled=\u00bbon|desktop\u00bb transform_origin__hover_enabled=\u00bbon|desktop\u00bb transform_scale__hover=\u00bb110%|110%\u00bb theme_builder_area=\u00bbpost_content\u00bb][\/et_pb_image][et_pb_image src=\u00bbhttps:\/\/www.web4.com.ar\/wp-content\/uploads\/2025\/07\/Peugeot-1.png\u00bb alt=\u00bbPeugeot\u00bb title_text=\u00bbPeugeot\u00bb url=\u00bb#peugeot\u00bb admin_label=\u00bbPeugeot\u00bb _builder_version=\u00bb4.27.4&#8243; _module_preset=\u00bbdefault\u00bb border_radii=\u00bbon|10px|10px|10px|10px\u00bb border_width_all=\u00bb1px\u00bb border_color_all=\u00bb#BABABA\u00bb box_shadow_style=\u00bbpreset3&#8243; box_shadow_blur=\u00bb10px\u00bb box_shadow_vertical_tablet=\u00bb\u00bb box_shadow_vertical_phone=\u00bb10px\u00bb box_shadow_vertical_last_edited=\u00bbon|tablet\u00bb box_shadow_blur_tablet=\u00bb8px\u00bb box_shadow_blur_last_edited=\u00bboff|desktop\u00bb global_colors_info=\u00bb{}\u00bb transform_styles__hover_enabled=\u00bbon|desktop\u00bb transform_scale__hover_enabled=\u00bbon|desktop\u00bb transform_translate__hover_enabled=\u00bbon|desktop\u00bb transform_rotate__hover_enabled=\u00bbon|desktop\u00bb transform_skew__hover_enabled=\u00bbon|desktop\u00bb transform_origin__hover_enabled=\u00bbon|desktop\u00bb transform_scale__hover=\u00bb110%|110%\u00bb theme_builder_area=\u00bbpost_content\u00bb][\/et_pb_image][et_pb_image src=\u00bbhttps:\/\/www.web4.com.ar\/wp-content\/uploads\/2025\/07\/Pringles-1.png\u00bb alt=\u00bbPringles\u00bb title_text=\u00bbPringles\u00bb url=\u00bb#pringles\u00bb admin_label=\u00bbPringles\u00bb _builder_version=\u00bb4.27.4&#8243; _module_preset=\u00bbdefault\u00bb border_radii=\u00bbon|10px|10px|10px|10px\u00bb border_width_all=\u00bb1px\u00bb border_color_all=\u00bb#BABABA\u00bb box_shadow_style=\u00bbpreset3&#8243; box_shadow_blur=\u00bb10px\u00bb box_shadow_vertical_tablet=\u00bb\u00bb box_shadow_vertical_phone=\u00bb10px\u00bb box_shadow_vertical_last_edited=\u00bbon|tablet\u00bb box_shadow_blur_tablet=\u00bb8px\u00bb box_shadow_blur_last_edited=\u00bboff|desktop\u00bb global_colors_info=\u00bb{}\u00bb transform_styles__hover_enabled=\u00bbon|desktop\u00bb transform_scale__hover_enabled=\u00bbon|desktop\u00bb transform_translate__hover_enabled=\u00bbon|desktop\u00bb transform_rotate__hover_enabled=\u00bbon|desktop\u00bb transform_skew__hover_enabled=\u00bbon|desktop\u00bb transform_origin__hover_enabled=\u00bbon|desktop\u00bb transform_scale__hover=\u00bb110%|110%\u00bb theme_builder_area=\u00bbpost_content\u00bb][\/et_pb_image][et_pb_image src=\u00bbhttps:\/\/www.web4.com.ar\/wp-content\/uploads\/2025\/07\/Puma-1.png\u00bb alt=\u00bbPuma\u00bb title_text=\u00bbPuma\u00bb url=\u00bb#puma\u00bb admin_label=\u00bbPuma\u00bb _builder_version=\u00bb4.27.4&#8243; _module_preset=\u00bbdefault\u00bb border_radii=\u00bbon|10px|10px|10px|10px\u00bb border_width_all=\u00bb1px\u00bb border_color_all=\u00bb#BABABA\u00bb box_shadow_style=\u00bbpreset3&#8243; box_shadow_blur=\u00bb10px\u00bb box_shadow_vertical_tablet=\u00bb\u00bb box_shadow_vertical_phone=\u00bb10px\u00bb box_shadow_vertical_last_edited=\u00bbon|tablet\u00bb box_shadow_blur_tablet=\u00bb8px\u00bb box_shadow_blur_last_edited=\u00bboff|desktop\u00bb global_colors_info=\u00bb{}\u00bb transform_styles__hover_enabled=\u00bbon|desktop\u00bb transform_scale__hover_enabled=\u00bbon|desktop\u00bb transform_translate__hover_enabled=\u00bbon|desktop\u00bb transform_rotate__hover_enabled=\u00bbon|desktop\u00bb transform_skew__hover_enabled=\u00bbon|desktop\u00bb transform_origin__hover_enabled=\u00bbon|desktop\u00bb transform_scale__hover=\u00bb110%|110%\u00bb theme_builder_area=\u00bbpost_content\u00bb][\/et_pb_image][et_pb_image src=\u00bbhttps:\/\/www.web4.com.ar\/wp-content\/uploads\/2025\/07\/Windows.png\u00bb alt=\u00bbWindows\u00bb title_text=\u00bbWindows\u00bb url=\u00bb#windows\u00bb admin_label=\u00bbWindows\u00bb _builder_version=\u00bb4.27.4&#8243; _module_preset=\u00bbdefault\u00bb border_radii=\u00bbon|10px|10px|10px|10px\u00bb border_width_all=\u00bb1px\u00bb border_color_all=\u00bb#BABABA\u00bb box_shadow_style=\u00bbpreset3&#8243; box_shadow_blur=\u00bb10px\u00bb box_shadow_vertical_tablet=\u00bb\u00bb box_shadow_vertical_phone=\u00bb10px\u00bb box_shadow_vertical_last_edited=\u00bbon|tablet\u00bb box_shadow_blur_tablet=\u00bb8px\u00bb box_shadow_blur_last_edited=\u00bboff|desktop\u00bb global_colors_info=\u00bb{}\u00bb transform_styles__hover_enabled=\u00bbon|desktop\u00bb transform_scale__hover_enabled=\u00bbon|desktop\u00bb transform_translate__hover_enabled=\u00bbon|desktop\u00bb transform_rotate__hover_enabled=\u00bbon|desktop\u00bb transform_skew__hover_enabled=\u00bbon|desktop\u00bb transform_origin__hover_enabled=\u00bbon|desktop\u00bb transform_scale__hover=\u00bb110%|110%\u00bb theme_builder_area=\u00bbpost_content\u00bb][\/et_pb_image][\/et_pb_column][\/et_pb_row][\/et_pb_section][et_pb_section fb_built=\u00bb1&#8243; admin_label=\u00bb7up\u00bb module_id=\u00bb7up\u00bb _builder_version=\u00bb4.27.4&#8243; border_width_bottom=\u00bb3px\u00bb border_color_bottom=\u00bb#F1EBEA\u00bb collapsed=\u00bbon\u00bb global_colors_info=\u00bb{}\u00bb theme_builder_area=\u00bbpost_content\u00bb][et_pb_row use_custom_gutter=\u00bbon\u00bb gutter_width=\u00bb4&#8243; custom_padding_last_edited=\u00bboff|desktop\u00bb _builder_version=\u00bb4.27.4&#8243; width=\u00bb100%\u00bb module_alignment=\u00bbcenter\u00bb custom_padding=\u00bb30px|0px|10px|0px|false|true\u00bb custom_padding_tablet=\u00bb30px||||false|true\u00bb border_color_bottom=\u00bb#eaeaea\u00bb global_colors_info=\u00bb{}\u00bb theme_builder_area=\u00bbpost_content\u00bb][et_pb_column type=\u00bb4_4&#8243; _builder_version=\u00bb4.16&#8243; global_colors_info=\u00bb{}\u00bb theme_builder_area=\u00bbpost_content\u00bb][et_pb_text admin_label=\u00bbTexto\u00bb _builder_version=\u00bb4.27.4&#8243; _module_preset=\u00bbdefault\u00bb global_colors_info=\u00bb{}\u00bb theme_builder_area=\u00bbpost_content\u00bb]<\/p>\n<h3>7up<\/h3>\n<p>Esta bebida carbonatada nace en 1929 con el nombre <em>\u00abRefresco Litiado de Lim\u00f3n y Lima\u201d.<\/em><\/p>\n<p>Su primer logo de 1929 presenta letras blancas gruesas sobre un fondo verde oscuro con burbujas delineadas de diferente tama\u00f1o para representar la naturaleza carbonatada del refresco, en las tapas de las botellas.<\/p>\n<p>En 1930 ya se denomina <em>7up<\/em> con un logo alado queriendo representar una sensaci\u00f3n et\u00e9rea y burbujeante de la bebida.<\/p>\n<p>Durante los a\u00f1os 30 se fue estilizando el dise\u00f1o con el n\u00famero 7 que terminar\u00e1 siendo icono de la marca.<\/p>\n<p>A partir de 1938 deciden a\u00f1adir color rojo y negro y la marca va adquiriendo una definici\u00f3n m\u00e1s precisa.<\/p>\n<p>El logo fue variando considerablemente con distintos criterios, a veces recuperando el verde y otros prevaleciendo el rojo.<\/p>\n<p>Finalmente se decide asignar el verde a las letras y el rojo al punto que separa ambas palabras.<\/p>\n<p>A partir de 2000 se vuelve al blanco para las letras, que contrasta con el verde de las botellas con sutiles efectos tridimensionales.<\/p>\n<p>[\/et_pb_text][et_pb_image src=\u00bbhttps:\/\/www.web4.com.ar\/wp-content\/uploads\/2025\/07\/7up-1.png\u00bb alt=\u00bbRestyling logo 7up\u00bb title_text=\u00bbRestyling logo 7up\u00bb align=\u00bbcenter\u00bb disabled_on=\u00bboff|off|off\u00bb admin_label=\u00bbImagen\u00bb _builder_version=\u00bb4.27.4&#8243; _module_preset=\u00bbdefault\u00bb custom_padding=\u00bb40px||40px||true|false\u00bb custom_padding_tablet=\u00bb40px||40px||true|false\u00bb custom_padding_phone=\u00bb25px||25px||true|false\u00bb custom_padding_last_edited=\u00bbon|phone\u00bb locked=\u00bboff\u00bb global_colors_info=\u00bb{}\u00bb theme_builder_area=\u00bbpost_content\u00bb][\/et_pb_image][et_pb_image src=\u00bbhttps:\/\/www.web4.com.ar\/wp-content\/uploads\/2025\/07\/7up-publi.png\u00bb alt=\u00bb7up publi\u00bb title_text=\u00bb7up publi\u00bb align=\u00bbcenter\u00bb _builder_version=\u00bb4.27.4&#8243; _module_preset=\u00bbdefault\u00bb custom_margin=\u00bb||50px||false|false\u00bb border_width_all=\u00bb1px\u00bb border_color_all=\u00bb#BABABA\u00bb global_colors_info=\u00bb{}\u00bb theme_builder_area=\u00bbpost_content\u00bb][\/et_pb_image][et_pb_button button_url=\u00bb#indice\u00bb button_text=\u00bbVolver al \u00edndice de logos\u00bb button_alignment=\u00bbcenter\u00bb admin_label=\u00bbBoton indice\u00bb _builder_version=\u00bb4.27.4&#8243; _module_preset=\u00bbdefault\u00bb custom_button=\u00bbon\u00bb button_text_size=\u00bb16px\u00bb button_font=\u00bb||||||||\u00bb button_icon=\u00bb&#x3e;||divi||400&#8243; custom_margin=\u00bb||50px||false|false\u00bb button_text_size_tablet=\u00bb14px\u00bb button_text_size_phone=\u00bb12px\u00bb button_text_size_last_edited=\u00bbon|phone\u00bb global_module=\u00bb11556&#8243; saved_tabs=\u00bball\u00bb global_colors_info=\u00bb{}\u00bb theme_builder_area=\u00bbpost_content\u00bb][\/et_pb_button][\/et_pb_column][\/et_pb_row][\/et_pb_section][et_pb_section fb_built=\u00bb1&#8243; admin_label=\u00bbAdidas\u00bb module_id=\u00bbadidas\u00bb _builder_version=\u00bb4.27.4&#8243; border_width_bottom=\u00bb3px\u00bb border_color_bottom=\u00bb#F1EBEA\u00bb collapsed=\u00bbon\u00bb global_colors_info=\u00bb{}\u00bb theme_builder_area=\u00bbpost_content\u00bb][et_pb_row use_custom_gutter=\u00bbon\u00bb gutter_width=\u00bb4&#8243; custom_padding_last_edited=\u00bboff|desktop\u00bb _builder_version=\u00bb4.27.4&#8243; width=\u00bb100%\u00bb module_alignment=\u00bbcenter\u00bb custom_padding=\u00bb30px|0px|10px|0px|false|true\u00bb custom_padding_tablet=\u00bb30px||||false|true\u00bb border_color_bottom=\u00bb#eaeaea\u00bb global_colors_info=\u00bb{}\u00bb theme_builder_area=\u00bbpost_content\u00bb][et_pb_column type=\u00bb4_4&#8243; _builder_version=\u00bb4.16&#8243; global_colors_info=\u00bb{}\u00bb theme_builder_area=\u00bbpost_content\u00bb][et_pb_text admin_label=\u00bbTexto\u00bb _builder_version=\u00bb4.27.4&#8243; _module_preset=\u00bbdefault\u00bb global_colors_info=\u00bb{}\u00bb theme_builder_area=\u00bbpost_content\u00bb]<\/p>\n<h3>Adidas<\/h3>\n<p>El nombre Adidas deriva de su fundador fundador <a href=\"https:\/\/es.wikipedia.org\/wiki\/Adolf_Dassler\" target=\"_blank\" rel=\"noopener\">Adolf (Adi) Dassler <\/a>y se usa por primera vez en 1941, con una tipograf\u00eda muy similar a la actual.<\/p>\n<p>En 1971 adem\u00e1s de la marca denominativa, se agrega el ic\u00f3nico tr\u00e9bol y aparecen las tradicionales 3 tiras.<\/p>\n<p>En 1991 el dise\u00f1ador se agrega m\u00e1s potencia y peso al emblema manteniendo las tres franjas, que se vuelven m\u00e1s atrevidas.<\/p>\n<p>El dise\u00f1o minimalista evoca una sensaci\u00f3n de movimiento y progresi\u00f3n ascendente, simbolizando el ascenso atl\u00e9tico de la clientela de Adidas y el enfoque vanguardista de la marca.<\/p>\n<p>Las barras var\u00edan en longitud, creando un ritmo visual din\u00e1mico que transmite velocidad y agilidad, mostrando adem\u00e1s el concepto de podio competitivo.<\/p>\n<p>Esta interpretaci\u00f3n contempor\u00e1nea del motivo cl\u00e1sico conserva la herencia del original y al mismo tiempo adopta una est\u00e9tica elegante y moderna.<\/p>\n<p>Con la llegada del nuevo siglo las tres franjas adoptan un aspecto m\u00e1s ligero y refinado, atravesando un c\u00edrculo negro que representa al mundo.<\/p>\n<p>En 2022 se vuelve al concepto de 1991 pero con la opci\u00f3n de omitir la marca denominativa, amodo de avatar para redes sociales y aplicacines web.<\/p>\n<p>[\/et_pb_text][et_pb_image src=\u00bbhttps:\/\/www.web4.com.ar\/wp-content\/uploads\/2025\/07\/Adidas-1.png\u00bb alt=\u00bbRestyling logo Adidas\u00bb title_text=\u00bbRestyling logo Adidas\u00bb align=\u00bbcenter\u00bb disabled_on=\u00bboff|off|off\u00bb admin_label=\u00bbImagen\u00bb _builder_version=\u00bb4.27.4&#8243; _module_preset=\u00bbdefault\u00bb custom_padding=\u00bb40px||40px||true|false\u00bb custom_padding_tablet=\u00bb40px||40px||true|false\u00bb custom_padding_phone=\u00bb25px||25px||true|false\u00bb custom_padding_last_edited=\u00bbon|phone\u00bb locked=\u00bboff\u00bb global_colors_info=\u00bb{}\u00bb theme_builder_area=\u00bbpost_content\u00bb][\/et_pb_image][et_pb_image src=\u00bbhttps:\/\/www.web4.com.ar\/wp-content\/uploads\/2025\/07\/adidas-publi.png\u00bb alt=\u00bbadidas publicidad\u00bb title_text=\u00bbadidas publicidad\u00bb align=\u00bbcenter\u00bb _builder_version=\u00bb4.27.4&#8243; _module_preset=\u00bbdefault\u00bb custom_margin=\u00bb||50px||false|false\u00bb global_colors_info=\u00bb{}\u00bb theme_builder_area=\u00bbpost_content\u00bb][\/et_pb_image][et_pb_button button_url=\u00bb#indice\u00bb button_text=\u00bbVolver al \u00edndice de logos\u00bb button_alignment=\u00bbcenter\u00bb admin_label=\u00bbBoton indice\u00bb _builder_version=\u00bb4.27.4&#8243; _module_preset=\u00bbdefault\u00bb custom_button=\u00bbon\u00bb button_text_size=\u00bb16px\u00bb button_font=\u00bb||||||||\u00bb button_icon=\u00bb&#x3e;||divi||400&#8243; custom_margin=\u00bb||50px||false|false\u00bb button_text_size_tablet=\u00bb14px\u00bb button_text_size_phone=\u00bb12px\u00bb button_text_size_last_edited=\u00bbon|phone\u00bb global_module=\u00bb11556&#8243; saved_tabs=\u00bball\u00bb global_colors_info=\u00bb{}\u00bb theme_builder_area=\u00bbpost_content\u00bb][\/et_pb_button][\/et_pb_column][\/et_pb_row][\/et_pb_section][et_pb_section fb_built=\u00bb1&#8243; admin_label=\u00bbAmazon\u00bb module_id=\u00bbamazon\u00bb _builder_version=\u00bb4.27.4&#8243; border_width_bottom=\u00bb3px\u00bb border_color_bottom=\u00bb#F1EBEA\u00bb collapsed=\u00bbon\u00bb global_colors_info=\u00bb{}\u00bb theme_builder_area=\u00bbpost_content\u00bb][et_pb_row use_custom_gutter=\u00bbon\u00bb gutter_width=\u00bb4&#8243; custom_padding_last_edited=\u00bboff|desktop\u00bb _builder_version=\u00bb4.27.4&#8243; width=\u00bb100%\u00bb module_alignment=\u00bbcenter\u00bb custom_padding=\u00bb30px|0px|10px|0px|false|true\u00bb custom_padding_tablet=\u00bb30px||||false|true\u00bb border_color_bottom=\u00bb#eaeaea\u00bb global_colors_info=\u00bb{}\u00bb theme_builder_area=\u00bbpost_content\u00bb][et_pb_column type=\u00bb4_4&#8243; _builder_version=\u00bb4.16&#8243; global_colors_info=\u00bb{}\u00bb theme_builder_area=\u00bbpost_content\u00bb][et_pb_text admin_label=\u00bbTexto\u00bb _builder_version=\u00bb4.27.4&#8243; _module_preset=\u00bbdefault\u00bb global_colors_info=\u00bb{}\u00bb theme_builder_area=\u00bbpost_content\u00bb]<\/p>\n<h3>Amazon<\/h3>\n<p>Amazon es el gigante de las compras online y su logo refleja ese concepto.<\/p>\n<p>El logo actual fue dise\u00f1ado en 2000 por <a href=\"https:\/\/turnerduckworth.com\/\" target=\"_blank\" rel=\"noopener\">Turner Duckworth<\/a> bajo la supervisi\u00f3n del fundador de la compa\u00f1\u00eda <a href=\"https:\/\/es.wikipedia.org\/wiki\/Jeff_Bezos\" target=\"_blank\" rel=\"noopener\">Jeff Bezos.<\/a><\/p>\n<p>La flecha naranja del logo sale de la letra \u201ca\u201d y termina en la letra \u201cz\u201d, indicando que venden todos los productos que deseas, desde la a hasta la z.<\/p>\n<p>La flecha tambi\u00e9n representa una sonrisa, en la que la punta es un hoyuelo estilizado o una l\u00ednea de expresi\u00f3n, que da un gui\u00f1o de simpat\u00eda, alegr\u00eda y confianza.<\/p>\n<p>Esta sonrisa representa la felicidad que siente la gente cuando compra en Amazon, ya que la empresa desea la mejor satisfacci\u00f3n del cliente, ofreciendo un servicio amigable.<\/p>\n<p>La tipograf\u00eda negra demuestra la superioridad y el dominio de Amazon en el mercado minorista online, que ha sido demostrado por sus indicadores financieros.<\/p>\n<p>El color naranja brillante le quita formalidad al logo y le agrega energ\u00eda y atractivo.<\/p>\n<p>Adem\u00e1s simboliza el orgullo y la felicidad, mostrando as\u00ed c\u00f3mo funciona y piensa Amazon.<\/p>\n<p>Este genial logo se ha convertido en un referente en el dise\u00f1o mundial de marcas.<\/p>\n<p>[\/et_pb_text][et_pb_image src=\u00bbhttps:\/\/www.web4.com.ar\/wp-content\/uploads\/2025\/07\/Amazon-1.png\u00bb alt=\u00bbRestyling logo Amazon\u00bb title_text=\u00bbRestyling logo Amazon\u00bb align=\u00bbcenter\u00bb disabled_on=\u00bboff|off|off\u00bb admin_label=\u00bbImagen\u00bb _builder_version=\u00bb4.27.4&#8243; _module_preset=\u00bbdefault\u00bb custom_padding=\u00bb40px||40px||true|false\u00bb custom_padding_tablet=\u00bb40px||40px||true|false\u00bb custom_padding_phone=\u00bb25px||25px||true|false\u00bb custom_padding_last_edited=\u00bbon|phone\u00bb locked=\u00bboff\u00bb global_colors_info=\u00bb{}\u00bb theme_builder_area=\u00bbpost_content\u00bb][\/et_pb_image][et_pb_image src=\u00bbhttps:\/\/www.web4.com.ar\/wp-content\/uploads\/2025\/07\/amazon-publi.png\u00bb alt=\u00bbamazon publicidad\u00bb title_text=\u00bbamazon publicidad\u00bb align=\u00bbcenter\u00bb _builder_version=\u00bb4.27.4&#8243; _module_preset=\u00bbdefault\u00bb global_colors_info=\u00bb{}\u00bb theme_builder_area=\u00bbpost_content\u00bb][\/et_pb_image][et_pb_button button_url=\u00bb#indice\u00bb button_text=\u00bbVolver al \u00edndice de logos\u00bb button_alignment=\u00bbcenter\u00bb admin_label=\u00bbBoton indice\u00bb _builder_version=\u00bb4.27.4&#8243; _module_preset=\u00bbdefault\u00bb custom_button=\u00bbon\u00bb button_text_size=\u00bb16px\u00bb button_font=\u00bb||||||||\u00bb button_icon=\u00bb&#x3e;||divi||400&#8243; custom_margin=\u00bb||50px||false|false\u00bb button_text_size_tablet=\u00bb14px\u00bb button_text_size_phone=\u00bb12px\u00bb button_text_size_last_edited=\u00bbon|phone\u00bb global_module=\u00bb11556&#8243; saved_tabs=\u00bball\u00bb global_colors_info=\u00bb{}\u00bb theme_builder_area=\u00bbpost_content\u00bb][\/et_pb_button][\/et_pb_column][\/et_pb_row][\/et_pb_section][et_pb_section fb_built=\u00bb1&#8243; admin_label=\u00bbAmerican Airlines\u00bb module_id=\u00bbamerican_airlines\u00bb _builder_version=\u00bb4.27.4&#8243; border_width_bottom=\u00bb3px\u00bb border_color_bottom=\u00bb#F1EBEA\u00bb collapsed=\u00bbon\u00bb global_colors_info=\u00bb{}\u00bb theme_builder_area=\u00bbpost_content\u00bb][et_pb_row use_custom_gutter=\u00bbon\u00bb gutter_width=\u00bb4&#8243; custom_padding_last_edited=\u00bboff|desktop\u00bb _builder_version=\u00bb4.27.4&#8243; width=\u00bb100%\u00bb module_alignment=\u00bbcenter\u00bb custom_padding=\u00bb30px|0px|10px|0px|false|true\u00bb custom_padding_tablet=\u00bb30px||||false|true\u00bb border_color_bottom=\u00bb#eaeaea\u00bb global_colors_info=\u00bb{}\u00bb theme_builder_area=\u00bbpost_content\u00bb][et_pb_column type=\u00bb4_4&#8243; _builder_version=\u00bb4.16&#8243; global_colors_info=\u00bb{}\u00bb theme_builder_area=\u00bbpost_content\u00bb][et_pb_text admin_label=\u00bbTexto\u00bb _builder_version=\u00bb4.27.4&#8243; _module_preset=\u00bbdefault\u00bb global_colors_info=\u00bb{}\u00bb theme_builder_area=\u00bbpost_content\u00bb]<\/p>\n<h3>American Airlines<\/h3>\n<p>El logotipo original de American Airlines fue creado en 1934 por Goodrich Murphy.<\/p>\n<p>Consta de un \u00e1guila blanca posada el globo terr\u00e1queo con las alas extendidas hacia arriba, mostrando las infinitas posibilidades y el poder de la empresa.<\/p>\n<p>La paleta de colores azul, blanco y rojo de la identidad visual de la aerol\u00ednea no solo es un tributo a los EE.UU. sino tambi\u00e9n una combinaci\u00f3n muy fuerte, que refleja perfectamente la influencia, el profesionalismo y la autoridad de la compa\u00f1\u00eda.<\/p>\n<p>La marca va evolucionando durante los siguientes a\u00f1os manteniendo el concepto original y adapt\u00e1ndose a las tendencias de las \u00e9pocas.<\/p>\n<p>El logotipo actual es redise\u00f1ado completamente en 2013 por la agencia de marketing <a href=\"https:\/\/www.futurebrand.com\/\" target=\"_blank\" rel=\"noopener\">FutureBrand.<\/a><\/p>\n<p>El resultado es una marca elegante y memorable y representa la cabeza de un \u00e1guila; una de sus alas es roja y la otra azul.<\/p>\n<p>El logo refleja libertad y lucha por el \u00e9xito y recibi\u00f3 el nombre de <em>\u00abS\u00edmbolo de vuelo\u00bb.<\/em><\/p>\n<p>[\/et_pb_text][et_pb_image src=\u00bbhttps:\/\/www.web4.com.ar\/wp-content\/uploads\/2025\/07\/American-Airlines-1.png\u00bb alt=\u00bbRestyling logo American Airlines\u00bb title_text=\u00bbRestyling logo American Airlines\u00bb align=\u00bbcenter\u00bb disabled_on=\u00bboff|off|off\u00bb admin_label=\u00bbImagen\u00bb _builder_version=\u00bb4.27.4&#8243; _module_preset=\u00bbdefault\u00bb custom_padding=\u00bb40px||40px||true|false\u00bb custom_padding_tablet=\u00bb40px||40px||true|false\u00bb custom_padding_phone=\u00bb25px||25px||true|false\u00bb custom_padding_last_edited=\u00bbon|phone\u00bb locked=\u00bboff\u00bb global_colors_info=\u00bb{}\u00bb theme_builder_area=\u00bbpost_content\u00bb][\/et_pb_image][et_pb_image src=\u00bbhttps:\/\/www.web4.com.ar\/wp-content\/uploads\/2025\/07\/american-airlines-publi.png\u00bb alt=\u00bbamerican airlines publicidad\u00bb title_text=\u00bbamerican airlines publicidad\u00bb align=\u00bbcenter\u00bb _builder_version=\u00bb4.27.4&#8243; _module_preset=\u00bbdefault\u00bb custom_margin=\u00bb||50px||false|false\u00bb global_colors_info=\u00bb{}\u00bb theme_builder_area=\u00bbpost_content\u00bb][\/et_pb_image][et_pb_button button_url=\u00bb#indice\u00bb button_text=\u00bbVolver al \u00edndice de logos\u00bb button_alignment=\u00bbcenter\u00bb admin_label=\u00bbBoton indice\u00bb _builder_version=\u00bb4.27.4&#8243; _module_preset=\u00bbdefault\u00bb custom_button=\u00bbon\u00bb button_text_size=\u00bb16px\u00bb button_font=\u00bb||||||||\u00bb button_icon=\u00bb&#x3e;||divi||400&#8243; custom_margin=\u00bb||50px||false|false\u00bb button_text_size_tablet=\u00bb14px\u00bb button_text_size_phone=\u00bb12px\u00bb button_text_size_last_edited=\u00bbon|phone\u00bb global_module=\u00bb11556&#8243; saved_tabs=\u00bball\u00bb global_colors_info=\u00bb{}\u00bb theme_builder_area=\u00bbpost_content\u00bb][\/et_pb_button][\/et_pb_column][\/et_pb_row][\/et_pb_section][et_pb_section fb_built=\u00bb1&#8243; admin_label=\u00bbAnimal Planet\u00bb module_id=\u00bbanimal_planet\u00bb _builder_version=\u00bb4.27.4&#8243; border_width_bottom=\u00bb3px\u00bb border_color_bottom=\u00bb#F1EBEA\u00bb collapsed=\u00bbon\u00bb global_colors_info=\u00bb{}\u00bb theme_builder_area=\u00bbpost_content\u00bb][et_pb_row use_custom_gutter=\u00bbon\u00bb gutter_width=\u00bb4&#8243; custom_padding_last_edited=\u00bboff|desktop\u00bb _builder_version=\u00bb4.27.4&#8243; width=\u00bb100%\u00bb module_alignment=\u00bbcenter\u00bb custom_padding=\u00bb30px|0px|10px|0px|false|true\u00bb custom_padding_tablet=\u00bb30px||||false|true\u00bb border_color_bottom=\u00bb#eaeaea\u00bb global_colors_info=\u00bb{}\u00bb theme_builder_area=\u00bbpost_content\u00bb][et_pb_column type=\u00bb4_4&#8243; _builder_version=\u00bb4.16&#8243; global_colors_info=\u00bb{}\u00bb theme_builder_area=\u00bbpost_content\u00bb][et_pb_text admin_label=\u00bbTexto\u00bb _builder_version=\u00bb4.27.4&#8243; _module_preset=\u00bbdefault\u00bb global_colors_info=\u00bb{}\u00bb theme_builder_area=\u00bbpost_content\u00bb]<\/p>\n<h3>Animal Planet<\/h3>\n<p>Animal Planet es un canal de televisi\u00f3n informativo establecido en 1996 en Estados Unidos, propiedad de Discovery y dedicado a documentales y series sobre animales.<\/p>\n<p>Pero el primer logotipo de Animal Planet se crea en 1994 cuando a\u00fan no era un canal de televisi\u00f3n<\/p>\n<p>Constaba de una garra blanca de un gran felino dibujada en un c\u00edrculo rojo s\u00f3lido, utilizando el mismo tono de rojo que el logotipo.<\/p>\n<p>En 1996 se crea el canal y se dise\u00f1a un logo m\u00e1s ornamentado y detallado representado por el perfil de un elefante apuntando con la trompa hacia el sol.<\/p>\n<p>Se realiza un restyling de la marca en 2006, donde el sol se reemplaza por una imagen tridimensional de la Tierra, haciendo que pareciera que el elefante est\u00e1 jugando con el planeta como si fuera una pelota.<\/p>\n<p>La versi\u00f3n de 2008 es completamente diferente mediante un redise\u00f1o dr\u00e1stico, eliminando todos los elementos gr\u00e1ficos de su identidad visual.<\/p>\n<p>El \u00fanico detalle brillante es la letra verde <em>\u00abM\u00bb<\/em>, que se encuentra horizontalmente sobre el resto de las letras en negro, simulando un ambiente selv\u00e1tico.<\/p>\n<p>Finalmente, en 2018 el elefante vuelve a la identidad visual de Animal Planet, pero hoy es un dibujo contempor\u00e1neo, m\u00e1s abstracto y casi infantil.<\/p>\n<p>El animal estilizado azul ahora se mueve hacia la derecha, hacia el ma\u00f1ana, como s\u00edmbolo de progreso y desarrollo.<\/p>\n<p>El logotipo resulta moderno y amigable, y su paleta de colores agrega frescura y juventud, evocando un sentido de lealtad y confiabilidad al mismo tiempo.<\/p>\n<p>[\/et_pb_text][et_pb_image src=\u00bbhttps:\/\/www.web4.com.ar\/wp-content\/uploads\/2025\/07\/Animal-Planet-1.png\u00bb alt=\u00bbRestyling logo Animal Planet\u00bb title_text=\u00bbRestyling logo Animal Planet\u00bb align=\u00bbcenter\u00bb disabled_on=\u00bboff|off|off\u00bb admin_label=\u00bbImagen\u00bb _builder_version=\u00bb4.27.4&#8243; _module_preset=\u00bbdefault\u00bb custom_padding=\u00bb40px||40px||true|false\u00bb custom_padding_tablet=\u00bb40px||40px||true|false\u00bb custom_padding_phone=\u00bb25px||25px||true|false\u00bb custom_padding_last_edited=\u00bbon|phone\u00bb locked=\u00bboff\u00bb global_colors_info=\u00bb{}\u00bb theme_builder_area=\u00bbpost_content\u00bb][\/et_pb_image][et_pb_image src=\u00bbhttps:\/\/www.web4.com.ar\/wp-content\/uploads\/2025\/07\/animal-planet-publi.png\u00bb alt=\u00bbanimal planet publicidad\u00bb title_text=\u00bbanimal planet publicidad\u00bb align=\u00bbcenter\u00bb _builder_version=\u00bb4.27.4&#8243; _module_preset=\u00bbdefault\u00bb custom_margin=\u00bb||50px||false|false\u00bb global_colors_info=\u00bb{}\u00bb theme_builder_area=\u00bbpost_content\u00bb][\/et_pb_image][et_pb_button button_url=\u00bb#indice\u00bb button_text=\u00bbVolver al \u00edndice de logos\u00bb button_alignment=\u00bbcenter\u00bb admin_label=\u00bbBoton indice\u00bb _builder_version=\u00bb4.27.4&#8243; _module_preset=\u00bbdefault\u00bb custom_button=\u00bbon\u00bb button_text_size=\u00bb16px\u00bb button_font=\u00bb||||||||\u00bb button_icon=\u00bb&#x3e;||divi||400&#8243; custom_margin=\u00bb||50px||false|false\u00bb button_text_size_tablet=\u00bb14px\u00bb button_text_size_phone=\u00bb12px\u00bb button_text_size_last_edited=\u00bbon|phone\u00bb global_module=\u00bb11556&#8243; saved_tabs=\u00bball\u00bb global_colors_info=\u00bb{}\u00bb theme_builder_area=\u00bbpost_content\u00bb][\/et_pb_button][\/et_pb_column][\/et_pb_row][\/et_pb_section][et_pb_section fb_built=\u00bb1&#8243; admin_label=\u00bbApple\u00bb module_id=\u00bbapple\u00bb _builder_version=\u00bb4.27.4&#8243; border_width_bottom=\u00bb3px\u00bb border_color_bottom=\u00bb#F1EBEA\u00bb locked=\u00bboff\u00bb collapsed=\u00bbon\u00bb global_colors_info=\u00bb{}\u00bb theme_builder_area=\u00bbpost_content\u00bb][et_pb_row use_custom_gutter=\u00bbon\u00bb gutter_width=\u00bb4&#8243; custom_padding_last_edited=\u00bboff|desktop\u00bb _builder_version=\u00bb4.27.4&#8243; width=\u00bb100%\u00bb module_alignment=\u00bbcenter\u00bb custom_padding=\u00bb30px|0px|10px|0px|false|true\u00bb custom_padding_tablet=\u00bb30px||||false|true\u00bb border_color_bottom=\u00bb#eaeaea\u00bb global_colors_info=\u00bb{}\u00bb theme_builder_area=\u00bbpost_content\u00bb][et_pb_column type=\u00bb4_4&#8243; _builder_version=\u00bb4.16&#8243; global_colors_info=\u00bb{}\u00bb theme_builder_area=\u00bbpost_content\u00bb][et_pb_text admin_label=\u00bbTexto\u00bb _builder_version=\u00bb4.27.4&#8243; _module_preset=\u00bbdefault\u00bb global_colors_info=\u00bb{}\u00bb theme_builder_area=\u00bbpost_content\u00bb]<\/p>\n<h3>Apple<\/h3>\n<p>El logotipo de Apple ha tenido varias iteraciones a lo largo de su historia, desde el complejo dise\u00f1o original hasta la reconocible manzana mordida.<\/p>\n<p>La marca original de 1976 dise\u00f1ada por <a href=\"https:\/\/en.wikipedia.org\/wiki\/Ronald_Wayne\" target=\"_blank\" rel=\"noopener\">Ronald Wayne<\/a> y morfol\u00f3gicamente no se considera un logo sino un emblema.<\/p>\n<p>Presenta a Isaac Newton sentado bajo un \u00e1rbol y fue considerado demasiado complicado y dif\u00edcil de reproducir a peque\u00f1a escala.<\/p>\n<p>En 1977 <a href=\"https:\/\/en.wikipedia.org\/wiki\/Rob_Janoff\" target=\"_blank\" rel=\"noopener\">Rob Janoff<\/a> crea la ic\u00f3nica manzana mordida con los colores del arco iris, un dise\u00f1o m\u00e1s simple y reconocible que se mantiene hasta la actualidad.<\/p>\n<p>Al intentar simplificar el s\u00edmbolo de la empresa, Yanoff quiso colocar la imagen de la manzana mordida ya que la palabra \u201cmorder\u201d en ingl\u00e9s es bite, por lo que se traduce como un t\u00e9rmino en computaci\u00f3n (el cual es byte, como gigabyte, megabyte, etc.).<\/p>\n<p><a href=\"https:\/\/en.wikipedia.org\/wiki\/Steve_Jobs\" target=\"_blank\" rel=\"noopener\">Steve Jobs<\/a> regresa a Apple en 1998 y decide actualizar el logo pero manteniendo el concepto que ya estaba exitosamente establecido en el mercado.<\/p>\n<p>Adopta una versi\u00f3n monocrom\u00e1tica y minimalista de la manzana, en l\u00ednea con la nueva est\u00e9tica de la empresa.<\/p>\n<p>Desde entonces se ha mantenido el mismo concepto variando solamente los colores y los tratamientos tridimensionales, muy frecuentes a inicios del siglo XXI.<\/p>\n<p>[\/et_pb_text][et_pb_image src=\u00bbhttps:\/\/www.web4.com.ar\/wp-content\/uploads\/2025\/07\/apple-1.png\u00bb alt=\u00bbRestyling logo Apple\u00bb title_text=\u00bbRestyling logo Apple\u00bb align=\u00bbcenter\u00bb disabled_on=\u00bboff|off|off\u00bb admin_label=\u00bbImagen\u00bb _builder_version=\u00bb4.27.4&#8243; _module_preset=\u00bbdefault\u00bb custom_padding=\u00bb40px||40px||true|false\u00bb custom_padding_tablet=\u00bb40px||40px||true|false\u00bb custom_padding_phone=\u00bb25px||25px||true|false\u00bb custom_padding_last_edited=\u00bbon|phone\u00bb locked=\u00bboff\u00bb global_colors_info=\u00bb{}\u00bb theme_builder_area=\u00bbpost_content\u00bb][\/et_pb_image][et_pb_image src=\u00bbhttps:\/\/www.web4.com.ar\/wp-content\/uploads\/2025\/07\/apple-publi.png\u00bb alt=\u00bbapple publicidad\u00bb title_text=\u00bbapple publicidad\u00bb align=\u00bbcenter\u00bb _builder_version=\u00bb4.27.4&#8243; _module_preset=\u00bbdefault\u00bb custom_margin=\u00bb||50px||false|false\u00bb global_colors_info=\u00bb{}\u00bb theme_builder_area=\u00bbpost_content\u00bb][\/et_pb_image][et_pb_button button_url=\u00bb#indice\u00bb button_text=\u00bbVolver al \u00edndice de logos\u00bb button_alignment=\u00bbcenter\u00bb admin_label=\u00bbBoton indice\u00bb _builder_version=\u00bb4.27.4&#8243; _module_preset=\u00bbdefault\u00bb custom_button=\u00bbon\u00bb button_text_size=\u00bb16px\u00bb button_font=\u00bb||||||||\u00bb button_icon=\u00bb&#x3e;||divi||400&#8243; custom_margin=\u00bb||50px||false|false\u00bb button_text_size_tablet=\u00bb14px\u00bb button_text_size_phone=\u00bb12px\u00bb button_text_size_last_edited=\u00bbon|phone\u00bb global_module=\u00bb11556&#8243; saved_tabs=\u00bball\u00bb global_colors_info=\u00bb{}\u00bb theme_builder_area=\u00bbpost_content\u00bb][\/et_pb_button][\/et_pb_column][\/et_pb_row][\/et_pb_section][et_pb_section fb_built=\u00bb1&#8243; admin_label=\u00bbBayer\u00bb module_id=\u00bbbayer\u00bb _builder_version=\u00bb4.27.4&#8243; border_width_bottom=\u00bb3px\u00bb border_color_bottom=\u00bb#F1EBEA\u00bb locked=\u00bboff\u00bb collapsed=\u00bbon\u00bb global_colors_info=\u00bb{}\u00bb theme_builder_area=\u00bbpost_content\u00bb][et_pb_row use_custom_gutter=\u00bbon\u00bb gutter_width=\u00bb4&#8243; custom_padding_last_edited=\u00bboff|desktop\u00bb _builder_version=\u00bb4.27.4&#8243; width=\u00bb100%\u00bb module_alignment=\u00bbcenter\u00bb custom_padding=\u00bb30px|0px|10px|0px|false|true\u00bb custom_padding_tablet=\u00bb30px||||false|true\u00bb border_color_bottom=\u00bb#eaeaea\u00bb global_colors_info=\u00bb{}\u00bb theme_builder_area=\u00bbpost_content\u00bb][et_pb_column type=\u00bb4_4&#8243; _builder_version=\u00bb4.16&#8243; global_colors_info=\u00bb{}\u00bb theme_builder_area=\u00bbpost_content\u00bb][et_pb_text admin_label=\u00bbTexto\u00bb _builder_version=\u00bb4.27.4&#8243; _module_preset=\u00bbdefault\u00bb global_colors_info=\u00bb{}\u00bb theme_builder_area=\u00bbpost_content\u00bb]<\/p>\n<h3>Bayer<\/h3>\n<p>Bayer es una empresa farmac\u00e9utica multinacional alemana, una de las m\u00e1s grandes del mundo, fundada en Barmen en 1863 como f\u00e1brica de colorantes.<\/p>\n<p>Pero Bayer no desarrollar\u00e1 un logotipo hasta 1881 y consiste en una ilustraci\u00f3n de un le\u00f3n basado en el escudo de armas de Elberfeld, la ciudad donde la empresa ten\u00eda su sede en ese momento.<\/p>\n<p>El logo de 1904 consiste en dos palabras BAYER cruzadas compartiendo la letra \u00abY\u00bb y encerrados en un c\u00edrculo, y es el concepto de marca que perdura hasta hoy.<\/p>\n<p>El logotipo de Bayer se convierte en una de las marcas comerciales m\u00e1s conocidas del mundo.<\/p>\n<p>Un hito en la popularidad del logotipo y una inteligente idea de marketing fue la decisi\u00f3n de estampar el nuevo logotipo en tabletas, especialmente en aspirinas.<\/p>\n<p>El logotipo de Bayer se ha mantenido casi exactamente igual durante m\u00e1s de un siglo y funciona igualmente bien en tama\u00f1os grandes y peque\u00f1os, con o sin color.<\/p>\n<p>En 1989 se incorporan dos l\u00edneas de verde oscuro y azul, colores que pronto se vuelven t\u00edpicos de Bayer.<\/p>\n<p>El a\u00f1o 2002 trae la primera versi\u00f3n coloreada de la Cruz de Bayer en los colores azul y verde que simbolizan la modernidad y la frescura de la marca.<\/p>\n<p>En 2017 y tras una acertada evoluci\u00f3n gr\u00e1fica, los degradados de color en el c\u00edrculo desaparecieron y los colores se modificaron.<\/p>\n<p>Esto facilita el uso del logotipo en los medios digitales y le da a la marca un aspecto m\u00e1s moderno y actualizado.<\/p>\n<p>[\/et_pb_text][et_pb_image src=\u00bbhttps:\/\/www.web4.com.ar\/wp-content\/uploads\/2025\/07\/Bayer-2.png\u00bb alt=\u00bbRestyling logo Bayer\u00bb title_text=\u00bbRestyling logo Bayer\u00bb align=\u00bbcenter\u00bb disabled_on=\u00bboff|off|off\u00bb admin_label=\u00bbImagen\u00bb _builder_version=\u00bb4.27.4&#8243; _module_preset=\u00bbdefault\u00bb custom_padding=\u00bb40px||40px||true|false\u00bb custom_padding_tablet=\u00bb40px||40px||true|false\u00bb custom_padding_phone=\u00bb25px||25px||true|false\u00bb custom_padding_last_edited=\u00bbon|phone\u00bb locked=\u00bboff\u00bb global_colors_info=\u00bb{}\u00bb theme_builder_area=\u00bbpost_content\u00bb][\/et_pb_image][et_pb_image src=\u00bbhttps:\/\/www.web4.com.ar\/wp-content\/uploads\/2025\/07\/bayer-publi.png\u00bb alt=\u00bbbayer publicidad\u00bb title_text=\u00bbbayer publicidad\u00bb align=\u00bbcenter\u00bb _builder_version=\u00bb4.27.4&#8243; _module_preset=\u00bbdefault\u00bb custom_margin=\u00bb||50px||false|false\u00bb global_colors_info=\u00bb{}\u00bb theme_builder_area=\u00bbpost_content\u00bb][\/et_pb_image][et_pb_button button_url=\u00bb#indice\u00bb button_text=\u00bbVolver al \u00edndice de logos\u00bb button_alignment=\u00bbcenter\u00bb admin_label=\u00bbBoton indice\u00bb _builder_version=\u00bb4.27.4&#8243; _module_preset=\u00bbdefault\u00bb custom_button=\u00bbon\u00bb button_text_size=\u00bb16px\u00bb button_font=\u00bb||||||||\u00bb button_icon=\u00bb&#x3e;||divi||400&#8243; custom_margin=\u00bb||50px||false|false\u00bb button_text_size_tablet=\u00bb14px\u00bb button_text_size_phone=\u00bb12px\u00bb button_text_size_last_edited=\u00bbon|phone\u00bb global_module=\u00bb11556&#8243; saved_tabs=\u00bball\u00bb locked=\u00bboff\u00bb global_colors_info=\u00bb{}\u00bb theme_builder_area=\u00bbpost_content\u00bb][\/et_pb_button][\/et_pb_column][\/et_pb_row][\/et_pb_section][et_pb_section fb_built=\u00bb1&#8243; admin_label=\u00bbBMW\u00bb module_id=\u00bbbmw\u00bb _builder_version=\u00bb4.27.4&#8243; border_width_bottom=\u00bb3px\u00bb border_color_bottom=\u00bb#F1EBEA\u00bb locked=\u00bboff\u00bb collapsed=\u00bbon\u00bb global_colors_info=\u00bb{}\u00bb theme_builder_area=\u00bbpost_content\u00bb][et_pb_row use_custom_gutter=\u00bbon\u00bb gutter_width=\u00bb4&#8243; custom_padding_last_edited=\u00bboff|desktop\u00bb _builder_version=\u00bb4.27.4&#8243; width=\u00bb100%\u00bb module_alignment=\u00bbcenter\u00bb custom_padding=\u00bb30px|0px|10px|0px|false|true\u00bb custom_padding_tablet=\u00bb30px||||false|true\u00bb border_color_bottom=\u00bb#eaeaea\u00bb global_colors_info=\u00bb{}\u00bb theme_builder_area=\u00bbpost_content\u00bb][et_pb_column type=\u00bb4_4&#8243; _builder_version=\u00bb4.16&#8243; global_colors_info=\u00bb{}\u00bb theme_builder_area=\u00bbpost_content\u00bb][et_pb_text admin_label=\u00bbTexto\u00bb _builder_version=\u00bb4.27.4&#8243; _module_preset=\u00bbdefault\u00bb global_colors_info=\u00bb{}\u00bb theme_builder_area=\u00bbpost_content\u00bb]<\/p>\n<h3>BMW<\/h3>\n<p>La ic\u00f3nica empresa de fabricaci\u00f3n de autom\u00f3viles BMW se estableci\u00f3 en 1913 como <em>RAPP Motorenwerke<\/em>, especializada en la producci\u00f3n de motores para aviones.<\/p>\n<p>En 1916 cambia su nombre a<em> Bayerische Motoren Werke,<\/em> o simplemente <em>BMW<\/em>.<\/p>\n<p>El dise\u00f1o del logotipo apela a la bandera de Baviera que alterna rombos azules y blancos.<\/p>\n<p>Tambi\u00e9n evoca a una h\u00e9lice de avi\u00f3n girando a gran velocidad representando el valor de la compa\u00f1\u00eda de su legado y ra\u00edces.<\/p>\n<p>El logotipo m\u00e1s reconocible y distintivo de BMW se crea en 1997 y seguir\u00e1 siendo oficial hasta 2020.<\/p>\n<p>Pero incluso despu\u00e9s de la introducci\u00f3n del nuevo dise\u00f1o en 2020, la insignia anterior a\u00fan permanece en los cap\u00f3s de los ic\u00f3nicos autom\u00f3viles alemanes.<\/p>\n<p>En 2020 la empresa se vuelve minimalista y redibuja su logo en 2D, eliminando el color negro.<\/p>\n<p>Ahora el el emblema cuenta con un contorno gris fino y un marco blanco grueso, donde se coloca la inscripci\u00f3n gris <em>\u201cBMW\u201d<\/em> en una tipograf\u00eda moderna ligeramente expandida.<\/p>\n<p>El logotipo se ve fresco y genial, reflejando el progreso de la marca y su voluntad de pasar a la nueva era.<\/p>\n<p>[\/et_pb_text][et_pb_image src=\u00bbhttps:\/\/www.web4.com.ar\/wp-content\/uploads\/2025\/07\/BMW-2.png\u00bb alt=\u00bbRestyling logo BMW\u00bb title_text=\u00bbBMW\u00bb align=\u00bbcenter\u00bb disabled_on=\u00bboff|off|off\u00bb admin_label=\u00bbImagen\u00bb _builder_version=\u00bb4.27.4&#8243; _module_preset=\u00bbdefault\u00bb custom_padding=\u00bb40px||40px||true|false\u00bb custom_padding_tablet=\u00bb40px||40px||true|false\u00bb custom_padding_phone=\u00bb25px||25px||true|false\u00bb custom_padding_last_edited=\u00bbon|phone\u00bb locked=\u00bboff\u00bb global_colors_info=\u00bb{}\u00bb theme_builder_area=\u00bbpost_content\u00bb][\/et_pb_image][et_pb_image src=\u00bbhttps:\/\/www.web4.com.ar\/wp-content\/uploads\/2025\/07\/bmw-publi.png\u00bb alt=\u00bbbmw publicidad\u00bb title_text=\u00bbbmw publicidad\u00bb align=\u00bbcenter\u00bb _builder_version=\u00bb4.27.4&#8243; _module_preset=\u00bbdefault\u00bb custom_margin=\u00bb||50px||false|false\u00bb global_colors_info=\u00bb{}\u00bb theme_builder_area=\u00bbpost_content\u00bb][\/et_pb_image][et_pb_button button_url=\u00bb#indice\u00bb button_text=\u00bbVolver al \u00edndice de logos\u00bb button_alignment=\u00bbcenter\u00bb admin_label=\u00bbBoton indice\u00bb _builder_version=\u00bb4.27.4&#8243; _module_preset=\u00bbdefault\u00bb custom_button=\u00bbon\u00bb button_text_size=\u00bb16px\u00bb button_font=\u00bb||||||||\u00bb button_icon=\u00bb&#x3e;||divi||400&#8243; custom_margin=\u00bb||50px||false|false\u00bb button_text_size_tablet=\u00bb14px\u00bb button_text_size_phone=\u00bb12px\u00bb button_text_size_last_edited=\u00bbon|phone\u00bb global_module=\u00bb11556&#8243; saved_tabs=\u00bball\u00bb locked=\u00bboff\u00bb global_colors_info=\u00bb{}\u00bb theme_builder_area=\u00bbpost_content\u00bb][\/et_pb_button][\/et_pb_column][\/et_pb_row][\/et_pb_section][et_pb_section fb_built=\u00bb1&#8243; admin_label=\u00bbBudweiser\u00bb module_id=\u00bbbudweiser\u00bb _builder_version=\u00bb4.27.4&#8243; border_width_bottom=\u00bb3px\u00bb border_color_bottom=\u00bb#F1EBEA\u00bb locked=\u00bboff\u00bb collapsed=\u00bbon\u00bb global_colors_info=\u00bb{}\u00bb theme_builder_area=\u00bbpost_content\u00bb][et_pb_row use_custom_gutter=\u00bbon\u00bb gutter_width=\u00bb4&#8243; custom_padding_last_edited=\u00bboff|desktop\u00bb _builder_version=\u00bb4.27.4&#8243; width=\u00bb100%\u00bb module_alignment=\u00bbcenter\u00bb custom_padding=\u00bb30px|0px|10px|0px|false|true\u00bb custom_padding_tablet=\u00bb30px||||false|true\u00bb border_color_bottom=\u00bb#eaeaea\u00bb global_colors_info=\u00bb{}\u00bb theme_builder_area=\u00bbpost_content\u00bb][et_pb_column type=\u00bb4_4&#8243; _builder_version=\u00bb4.16&#8243; global_colors_info=\u00bb{}\u00bb theme_builder_area=\u00bbpost_content\u00bb][et_pb_text admin_label=\u00bbTexto\u00bb _builder_version=\u00bb4.27.4&#8243; _module_preset=\u00bbdefault\u00bb global_colors_info=\u00bb{}\u00bb theme_builder_area=\u00bbpost_content\u00bb]<\/p>\n<h3>Budweiser<\/h3>\n<p>Budweiser es una cerveza lager estadounidense, que se presenta por primera vez en 1876<\/p>\n<p>Hoy la famosa cerveza se distribuye en todo el mundo, siendo una de las marcas l\u00edderes mundiales en su segmento.<\/p>\n<p>Conocido como <em>The King of Beers,<\/em> Budweiser tiene un logotipo notable e instant\u00e1neamente reconocible, que ha pasado por muchos redise\u00f1os durante la historia de la marca.<\/p>\n<p>Las primeras tres versiones del logotipo de la cerveza fueron muy ornamentadas, bas\u00e1ndose en los sellos y el escudo de armas, con muchas letras adicionales.<\/p>\n<p>En 1952 se comienza a hacer m\u00e1s minimalista y audaz, para satisfacer los gustos de la audiencia joven y el progreso general.<\/p>\n<p>La ic\u00f3nica pajarita roja aparece por primera vez en 1957 y seguir\u00e1 presente hasta nuestros d\u00edas con variables de dise\u00f1o que responden a las necesidades de las \u00e9pocas.<\/p>\n<p>El logotipo actual es una versi\u00f3n simplificada de los anteriores.<\/p>\n<p>El dise\u00f1o plano de dos colores no tiene detalles adicionales, solo el fondo rojo y las letras blancas.<\/p>\n<p>Se ve elegante, profesional y muy moderno, a pesar del uso de un tipo de letra de script antiguo.<\/p>\n<p>[\/et_pb_text][et_pb_image src=\u00bbhttps:\/\/www.web4.com.ar\/wp-content\/uploads\/2025\/07\/Budweiser-1.png\u00bb alt=\u00bbRestyling logo Budweiser\u00bb title_text=\u00bbRestyling logo Budweiser\u00bb align=\u00bbcenter\u00bb disabled_on=\u00bboff|off|off\u00bb admin_label=\u00bbImagen\u00bb _builder_version=\u00bb4.27.4&#8243; _module_preset=\u00bbdefault\u00bb custom_padding=\u00bb40px||40px||true|false\u00bb custom_padding_tablet=\u00bb40px||40px||true|false\u00bb custom_padding_phone=\u00bb25px||25px||true|false\u00bb custom_padding_last_edited=\u00bbon|phone\u00bb locked=\u00bboff\u00bb global_colors_info=\u00bb{}\u00bb theme_builder_area=\u00bbpost_content\u00bb][\/et_pb_image][et_pb_image src=\u00bbhttps:\/\/www.web4.com.ar\/wp-content\/uploads\/2025\/07\/budweiser-publi.png\u00bb alt=\u00bbbudweiser publicidad\u00bb title_text=\u00bbbudweiser publicidad\u00bb align=\u00bbcenter\u00bb _builder_version=\u00bb4.27.4&#8243; _module_preset=\u00bbdefault\u00bb custom_margin=\u00bb||50px||false|false\u00bb global_colors_info=\u00bb{}\u00bb theme_builder_area=\u00bbpost_content\u00bb][\/et_pb_image][et_pb_button button_url=\u00bb#indice\u00bb button_text=\u00bbVolver al \u00edndice de logos\u00bb button_alignment=\u00bbcenter\u00bb admin_label=\u00bbBoton indice\u00bb _builder_version=\u00bb4.27.4&#8243; _module_preset=\u00bbdefault\u00bb custom_button=\u00bbon\u00bb button_text_size=\u00bb16px\u00bb button_font=\u00bb||||||||\u00bb button_icon=\u00bb&#x3e;||divi||400&#8243; custom_margin=\u00bb||50px||false|false\u00bb button_text_size_tablet=\u00bb14px\u00bb button_text_size_phone=\u00bb12px\u00bb button_text_size_last_edited=\u00bbon|phone\u00bb global_module=\u00bb11556&#8243; saved_tabs=\u00bball\u00bb locked=\u00bboff\u00bb global_colors_info=\u00bb{}\u00bb theme_builder_area=\u00bbpost_content\u00bb][\/et_pb_button][\/et_pb_column][\/et_pb_row][\/et_pb_section][et_pb_section fb_built=\u00bb1&#8243; admin_label=\u00bbBurger King\u00bb module_id=\u00bbburger_king\u00bb _builder_version=\u00bb4.27.4&#8243; border_width_bottom=\u00bb3px\u00bb border_color_bottom=\u00bb#F1EBEA\u00bb locked=\u00bboff\u00bb collapsed=\u00bbon\u00bb global_colors_info=\u00bb{}\u00bb theme_builder_area=\u00bbpost_content\u00bb][et_pb_row use_custom_gutter=\u00bbon\u00bb gutter_width=\u00bb4&#8243; custom_padding_last_edited=\u00bboff|desktop\u00bb _builder_version=\u00bb4.27.4&#8243; width=\u00bb100%\u00bb module_alignment=\u00bbcenter\u00bb custom_padding=\u00bb30px|0px|10px|0px|false|true\u00bb custom_padding_tablet=\u00bb30px||||false|true\u00bb border_color_bottom=\u00bb#eaeaea\u00bb global_colors_info=\u00bb{}\u00bb theme_builder_area=\u00bbpost_content\u00bb][et_pb_column type=\u00bb4_4&#8243; _builder_version=\u00bb4.16&#8243; global_colors_info=\u00bb{}\u00bb theme_builder_area=\u00bbpost_content\u00bb][et_pb_text admin_label=\u00bbTexto\u00bb _builder_version=\u00bb4.27.4&#8243; _module_preset=\u00bbdefault\u00bb global_colors_info=\u00bb{}\u00bb theme_builder_area=\u00bbpost_content\u00bb]<\/p>\n<h3>Burger King<\/h3>\n<p>Burger King es una empresa pionera en el mercado de comidas r\u00e1pidas y presume de esa cualidad.<\/p>\n<p>A lo largo de las d\u00e9cadas ha mantenido un estilo coherente a su identidad con cambios muy sutiles en su dise\u00f1o.<\/p>\n<p>Los a\u00f1os 70 marcaron el auge a nivel mundial de estas empresas donde las hamburguesas eran verdaderas protagonistas.<\/p>\n<p>Las marcas eran bastante similares en sus colores, pero supieron mantener su identidad y sus conceptos de branding.<\/p>\n<p>El reciente restyling del logo de Burger King de 2021 retorna a un dise\u00f1o m\u00e1s minimalista y cercano a su logotipo de 1969.<\/p>\n<p>Busca proyectar una imagen m\u00e1s real y atractiva de la comida, evocando esa sensaci\u00f3n de nostalgia y autenticidad de los a\u00f1os 70.<\/p>\n<p>Presenta una imagen m\u00e1s moderna y limpia, eliminando detalles innecesarios y buscando conectar con la historia y la memoria de la marca.<\/p>\n<p>La paleta de colores c\u00e1lidos y atrevidos se centra en tonos que evocan la comida a la parrilla dando una imagen m\u00e1s aut\u00e9ntica y apetitosa.<\/p>\n<p>[\/et_pb_text][et_pb_image src=\u00bbhttps:\/\/www.web4.com.ar\/wp-content\/uploads\/2025\/07\/Burger-King-1.png\u00bb alt=\u00bbRestyling logo Burger King\u00bb title_text=\u00bbRestyling logo Burger King\u00bb align=\u00bbcenter\u00bb disabled_on=\u00bboff|off|off\u00bb admin_label=\u00bbImagen\u00bb _builder_version=\u00bb4.27.4&#8243; _module_preset=\u00bbdefault\u00bb custom_padding=\u00bb40px||40px||true|false\u00bb custom_padding_tablet=\u00bb40px||40px||true|false\u00bb custom_padding_phone=\u00bb25px||25px||true|false\u00bb custom_padding_last_edited=\u00bbon|phone\u00bb locked=\u00bboff\u00bb global_colors_info=\u00bb{}\u00bb theme_builder_area=\u00bbpost_content\u00bb][\/et_pb_image][et_pb_image src=\u00bbhttps:\/\/www.web4.com.ar\/wp-content\/uploads\/2025\/07\/burger-king-publi.png\u00bb alt=\u00bbburger king publicidad\u00bb title_text=\u00bbburger king publicidad\u00bb align=\u00bbcenter\u00bb _builder_version=\u00bb4.27.4&#8243; _module_preset=\u00bbdefault\u00bb custom_padding=\u00bb||50px||false|false\u00bb global_colors_info=\u00bb{}\u00bb theme_builder_area=\u00bbpost_content\u00bb][\/et_pb_image][et_pb_button button_url=\u00bb#indice\u00bb button_text=\u00bbVolver al \u00edndice de logos\u00bb button_alignment=\u00bbcenter\u00bb admin_label=\u00bbBoton indice\u00bb _builder_version=\u00bb4.27.4&#8243; _module_preset=\u00bbdefault\u00bb custom_button=\u00bbon\u00bb button_text_size=\u00bb16px\u00bb button_font=\u00bb||||||||\u00bb button_icon=\u00bb&#x3e;||divi||400&#8243; custom_margin=\u00bb||50px||false|false\u00bb button_text_size_tablet=\u00bb14px\u00bb button_text_size_phone=\u00bb12px\u00bb button_text_size_last_edited=\u00bbon|phone\u00bb global_module=\u00bb11556&#8243; saved_tabs=\u00bball\u00bb locked=\u00bboff\u00bb global_colors_info=\u00bb{}\u00bb theme_builder_area=\u00bbpost_content\u00bb][\/et_pb_button][\/et_pb_column][\/et_pb_row][\/et_pb_section][et_pb_section fb_built=\u00bb1&#8243; admin_label=\u00bbCarrefour\u00bb module_id=\u00bbcarrefour\u00bb _builder_version=\u00bb4.27.4&#8243; border_width_bottom=\u00bb3px\u00bb border_color_bottom=\u00bb#F1EBEA\u00bb locked=\u00bboff\u00bb collapsed=\u00bbon\u00bb global_colors_info=\u00bb{}\u00bb theme_builder_area=\u00bbpost_content\u00bb][et_pb_row use_custom_gutter=\u00bbon\u00bb gutter_width=\u00bb4&#8243; custom_padding_last_edited=\u00bboff|desktop\u00bb _builder_version=\u00bb4.27.4&#8243; width=\u00bb100%\u00bb module_alignment=\u00bbcenter\u00bb custom_padding=\u00bb30px|0px|10px|0px|false|true\u00bb custom_padding_tablet=\u00bb30px||||false|true\u00bb border_color_bottom=\u00bb#eaeaea\u00bb global_colors_info=\u00bb{}\u00bb theme_builder_area=\u00bbpost_content\u00bb][et_pb_column type=\u00bb4_4&#8243; _builder_version=\u00bb4.16&#8243; global_colors_info=\u00bb{}\u00bb theme_builder_area=\u00bbpost_content\u00bb][et_pb_text admin_label=\u00bbTexto\u00bb _builder_version=\u00bb4.27.4&#8243; _module_preset=\u00bbdefault\u00bb global_colors_info=\u00bb{}\u00bb theme_builder_area=\u00bbpost_content\u00bb]<\/p>\n<h3>Carrefour<\/h3>\n<p>El nombre <em>Carrefour<\/em> proviene del primer local que se abri\u00f3 en Francia, que estaba localizado en un cruce de caminos.<\/p>\n<p>Es por eso que la empresa decidi\u00f3 ponerle el nombre Carrefour, que en franc\u00e9s significa<em> \u00abcruce de caminos\u00bb<\/em><\/p>\n<p>El logo, a simple vista, simboliza precisamente los dos caminos.<\/p>\n<p>En \u00e9l se observan dos figuras que representan flechas que se\u00f1alan en sentidos opuestos, una azul y otra roja.<\/p>\n<p>El hueco entre ellas genera una letra \u00abC\u00bb en blanco, haciendo alusi\u00f3n al origen franc\u00e9s de la marca.<\/p>\n<p>Este es uno de los casos en que la marca no ha necesitado grandes redise\u00f1os y ha logrado sobrevivir durante d\u00e9cadas sin cambio notables.<\/p>\n<p>Se mantiene siempre el mismo concepto de identidad aplicando solo cambios muy sutiles.<\/p>\n<p>El logotipo actual se ejecuta en un tipo de letra serif elegante con sus l\u00edneas limpias y serifas redondeadas.<\/p>\n<p>[\/et_pb_text][et_pb_image src=\u00bbhttps:\/\/www.web4.com.ar\/wp-content\/uploads\/2025\/07\/Carrefour-1.png\u00bb alt=\u00bbRestyling logo Carrefour\u00bb title_text=\u00bbRestyling logo Carrefour\u00bb align=\u00bbcenter\u00bb disabled_on=\u00bboff|off|off\u00bb admin_label=\u00bbImagen\u00bb _builder_version=\u00bb4.27.4&#8243; _module_preset=\u00bbdefault\u00bb custom_padding=\u00bb40px||40px||true|false\u00bb custom_padding_tablet=\u00bb40px||40px||true|false\u00bb custom_padding_phone=\u00bb25px||25px||true|false\u00bb custom_padding_last_edited=\u00bbon|phone\u00bb locked=\u00bboff\u00bb global_colors_info=\u00bb{}\u00bb theme_builder_area=\u00bbpost_content\u00bb][\/et_pb_image][et_pb_image src=\u00bbhttps:\/\/www.web4.com.ar\/wp-content\/uploads\/2025\/07\/carrefour-publi.png\u00bb alt=\u00bbcarrefour publicidad\u00bb title_text=\u00bbcarrefour publicidad\u00bb align=\u00bbcenter\u00bb _builder_version=\u00bb4.27.4&#8243; _module_preset=\u00bbdefault\u00bb custom_padding=\u00bb||50px||false|false\u00bb global_colors_info=\u00bb{}\u00bb theme_builder_area=\u00bbpost_content\u00bb][\/et_pb_image][et_pb_button button_url=\u00bb#indice\u00bb button_text=\u00bbVolver al \u00edndice de logos\u00bb button_alignment=\u00bbcenter\u00bb admin_label=\u00bbBoton indice\u00bb _builder_version=\u00bb4.27.4&#8243; _module_preset=\u00bbdefault\u00bb custom_button=\u00bbon\u00bb button_text_size=\u00bb16px\u00bb button_font=\u00bb||||||||\u00bb button_icon=\u00bb&#x3e;||divi||400&#8243; custom_margin=\u00bb||50px||false|false\u00bb button_text_size_tablet=\u00bb14px\u00bb button_text_size_phone=\u00bb12px\u00bb button_text_size_last_edited=\u00bbon|phone\u00bb global_module=\u00bb11556&#8243; saved_tabs=\u00bball\u00bb locked=\u00bboff\u00bb global_colors_info=\u00bb{}\u00bb theme_builder_area=\u00bbpost_content\u00bb][\/et_pb_button][\/et_pb_column][\/et_pb_row][\/et_pb_section][et_pb_section fb_built=\u00bb1&#8243; admin_label=\u00bbChevrolet\u00bb module_id=\u00bbchevrolet\u00bb _builder_version=\u00bb4.27.4&#8243; border_width_bottom=\u00bb3px\u00bb border_color_bottom=\u00bb#F1EBEA\u00bb locked=\u00bboff\u00bb collapsed=\u00bbon\u00bb global_colors_info=\u00bb{}\u00bb theme_builder_area=\u00bbpost_content\u00bb][et_pb_row use_custom_gutter=\u00bbon\u00bb gutter_width=\u00bb4&#8243; custom_padding_last_edited=\u00bboff|desktop\u00bb _builder_version=\u00bb4.27.4&#8243; width=\u00bb100%\u00bb module_alignment=\u00bbcenter\u00bb custom_padding=\u00bb30px|0px|10px|0px|false|true\u00bb custom_padding_tablet=\u00bb30px||||false|true\u00bb border_color_bottom=\u00bb#eaeaea\u00bb global_colors_info=\u00bb{}\u00bb theme_builder_area=\u00bbpost_content\u00bb][et_pb_column type=\u00bb4_4&#8243; _builder_version=\u00bb4.16&#8243; global_colors_info=\u00bb{}\u00bb theme_builder_area=\u00bbpost_content\u00bb][et_pb_text admin_label=\u00bbTexto\u00bb _builder_version=\u00bb4.27.4&#8243; _module_preset=\u00bbdefault\u00bb global_colors_info=\u00bb{}\u00bb theme_builder_area=\u00bbpost_content\u00bb]<\/p>\n<h3>Chevrolet<\/h3>\n<p>Chevrolet es una marca estadounidense que fue establecida en 1911 por Louis Chevrolet y Willian Durant.<\/p>\n<p>Conocida en todo el mundo como Chevy, tiene un logotipo ic\u00f3nico y es considerado un cl\u00e1sico del dise\u00f1o de identidad de marcas.<\/p>\n<p>El logotipo tiene el apodo de <em>\u00abpajarita\u00bb<\/em> y casi no ha cambiado a lo largo de la historia.<\/p>\n<p>Fue dise\u00f1ado por el fundador de la marca, <a href=\"https:\/\/es.wikipedia.org\/wiki\/William_Crapo_Durant\" target=\"_blank\" rel=\"noopener\">Willian Durant<\/a>, en 1913.<\/p>\n<p>El emblema de pajarita de Chevrolet es una cruz ancha y estilizada formada por un paralelogramo horizontal que se superpone con un cuadrado.<\/p>\n<p>En un siglo de historia se han sucedido muchas variaciones de color y detalle de la pajarita Chevrolet, pero la forma esencial nunca ha cambiado.<\/p>\n<p>En 2002 se crea una nueva versi\u00f3n del logo y es probablemente la m\u00e1s reconocible de todas.<\/p>\n<p>Este logotipo negro con un tipo de letra personalizado con l\u00edneas suaves y gruesas se ve elegante en casi cualquier fondo.<\/p>\n<p>Se puede ver en metal tridimensional en los autos de la marca, o en negro liso en carteles y materiales impresos.<\/p>\n<p>El \u00faltimo redise\u00f1o presentado en 2013 para celebrar el centenario de la compa\u00f1\u00eda, mantiene el color dorado del emblema, pero se hace m\u00e1s lujoso al engrosar el marco plateado.<\/p>\n<p>El logo ahora se ve m\u00e1s din\u00e1mico y fuerte.<\/p>\n<p>[\/et_pb_text][et_pb_image src=\u00bbhttps:\/\/www.web4.com.ar\/wp-content\/uploads\/2025\/07\/Chevrolet.png\u00bb alt=\u00bbRestyling logo Chevrolet\u00bb title_text=\u00bbRestyling logo Chevrolet\u00bb align=\u00bbcenter\u00bb disabled_on=\u00bboff|off|off\u00bb admin_label=\u00bbImagen\u00bb _builder_version=\u00bb4.27.4&#8243; _module_preset=\u00bbdefault\u00bb custom_padding=\u00bb40px||40px||true|false\u00bb custom_padding_tablet=\u00bb40px||40px||true|false\u00bb custom_padding_phone=\u00bb25px||25px||true|false\u00bb custom_padding_last_edited=\u00bbon|phone\u00bb locked=\u00bboff\u00bb global_colors_info=\u00bb{}\u00bb theme_builder_area=\u00bbpost_content\u00bb][\/et_pb_image][et_pb_image src=\u00bbhttps:\/\/www.web4.com.ar\/wp-content\/uploads\/2025\/07\/chevrolet-publi.png\u00bb alt=\u00bbchevrolet publicidad\u00bb title_text=\u00bbchevrolet publicidad\u00bb align=\u00bbcenter\u00bb _builder_version=\u00bb4.27.4&#8243; _module_preset=\u00bbdefault\u00bb custom_padding=\u00bb||50px||false|false\u00bb global_colors_info=\u00bb{}\u00bb theme_builder_area=\u00bbpost_content\u00bb][\/et_pb_image][et_pb_button button_url=\u00bb#indice\u00bb button_text=\u00bbVolver al \u00edndice de logos\u00bb button_alignment=\u00bbcenter\u00bb admin_label=\u00bbBoton indice\u00bb _builder_version=\u00bb4.27.4&#8243; _module_preset=\u00bbdefault\u00bb custom_button=\u00bbon\u00bb button_text_size=\u00bb16px\u00bb button_font=\u00bb||||||||\u00bb button_icon=\u00bb&#x3e;||divi||400&#8243; custom_margin=\u00bb||50px||false|false\u00bb button_text_size_tablet=\u00bb14px\u00bb button_text_size_phone=\u00bb12px\u00bb button_text_size_last_edited=\u00bbon|phone\u00bb global_module=\u00bb11556&#8243; saved_tabs=\u00bball\u00bb locked=\u00bboff\u00bb global_colors_info=\u00bb{}\u00bb theme_builder_area=\u00bbpost_content\u00bb][\/et_pb_button][\/et_pb_column][\/et_pb_row][\/et_pb_section][et_pb_section fb_built=\u00bb1&#8243; admin_label=\u00bbChupa Chups\u00bb module_id=\u00bbchupa_chups\u00bb _builder_version=\u00bb4.27.4&#8243; border_width_bottom=\u00bb3px\u00bb border_color_bottom=\u00bb#F1EBEA\u00bb locked=\u00bboff\u00bb collapsed=\u00bbon\u00bb global_colors_info=\u00bb{}\u00bb theme_builder_area=\u00bbpost_content\u00bb][et_pb_row use_custom_gutter=\u00bbon\u00bb gutter_width=\u00bb4&#8243; custom_padding_last_edited=\u00bboff|desktop\u00bb _builder_version=\u00bb4.27.4&#8243; width=\u00bb100%\u00bb module_alignment=\u00bbcenter\u00bb custom_padding=\u00bb30px|0px|10px|0px|false|true\u00bb custom_padding_tablet=\u00bb30px||||false|true\u00bb border_color_bottom=\u00bb#eaeaea\u00bb global_colors_info=\u00bb{}\u00bb theme_builder_area=\u00bbpost_content\u00bb][et_pb_column type=\u00bb4_4&#8243; _builder_version=\u00bb4.16&#8243; global_colors_info=\u00bb{}\u00bb theme_builder_area=\u00bbpost_content\u00bb][et_pb_text admin_label=\u00bbTexto\u00bb _builder_version=\u00bb4.27.4&#8243; _module_preset=\u00bbdefault\u00bb global_colors_info=\u00bb{}\u00bb theme_builder_area=\u00bbpost_content\u00bb]<\/p>\n<h3>Chupa Chups<\/h3>\n<p>La historia de los caramelos Chupa Chups empieza en Espa\u00f1a en 1958.<\/p>\n<p><a href=\"https:\/\/es.wikipedia.org\/wiki\/Enric_Bernat\" target=\"_blank\" rel=\"noopener\">Enric Bernat<\/a> es el pastelero catal\u00e1n que se encarg\u00f3 de desarrollar la idea de un caramelo redondo adherido a un palillo.<\/p>\n<p>La idea nace del problema que los ni\u00f1os se ensuciaban las manos cuando se sacaban el caramelo de la boca.<\/p>\n<p>Es por eso que se le ocurri\u00f3 la idea de desarrollar un empaque de un caramelo novedoso con un logotipo nuevo que le permita una proyecci\u00f3n internacional.<\/p>\n<p>Es entonces en 1969 cuando Enric Bernat recurre a su amigo el gran artista surrealista <a href=\"https:\/\/es.wikipedia.org\/wiki\/Salvador_Dal%C3%AD\" target=\"_blank\" rel=\"noopener\">Salvador Dal\u00ed.<\/a><\/p>\n<p>La idea de Dal\u00ed resulta ser extremadamente simple: colocar letras rojas sobre un fondo amarillo en forma de flor de margarita.<\/p>\n<p>El peculiar artista accedi\u00f3 a dise\u00f1ar la marca a cambio de una tarifa millonaria, que Enric acept\u00f3.<\/p>\n<p>Dal\u00ed pens\u00f3 un rato y empez\u00f3 a garabatear hasta que dise\u00f1\u00f3 el logotipo de la margarita en una servilleta de papel.<\/p>\n<p>Tard\u00f3 no m\u00e1s de una hora para crear uno de los logotipos m\u00e1s emblem\u00e1ticos de todos los tiempos.<\/p>\n<p>Una novedad fue introducir la forma de flor que envuelve al logotipo, resultando ser una de las se\u00f1as de identidad m\u00e1s clara de Chupa Chups.<\/p>\n<p>Dal\u00ed recomienda situar el logotipo en la parte superior del envoltorio para favorecer su visibilidad y dotarlo de personalidad propia.<\/p>\n<p>Pero lo m\u00e1s importante era que al quitar el envoltorio, el logotipo segu\u00eda intacto para poder guardar ese empaque tan bonito.<\/p>\n<p>El logo de Dal\u00ed se mantuvo vigente durante d\u00e9cadas y solo en 1990 se realiz\u00f3 un restyling muy sutil, asegurando conservar la esencia de la marca.<\/p>\n<p>[\/et_pb_text][et_pb_image src=\u00bbhttps:\/\/www.web4.com.ar\/wp-content\/uploads\/2025\/07\/Chupa-Chups.png\u00bb alt=\u00bbRestyling logo Chupa Chups\u00bb title_text=\u00bbRestyling logo Chupa Chups\u00bb align=\u00bbcenter\u00bb disabled_on=\u00bboff|off|off\u00bb admin_label=\u00bbImagen\u00bb _builder_version=\u00bb4.27.4&#8243; _module_preset=\u00bbdefault\u00bb custom_padding=\u00bb40px||40px||true|false\u00bb custom_padding_tablet=\u00bb40px||40px||true|false\u00bb custom_padding_phone=\u00bb25px||25px||true|false\u00bb custom_padding_last_edited=\u00bbon|phone\u00bb locked=\u00bboff\u00bb global_colors_info=\u00bb{}\u00bb theme_builder_area=\u00bbpost_content\u00bb][\/et_pb_image][et_pb_image src=\u00bbhttps:\/\/www.web4.com.ar\/wp-content\/uploads\/2025\/07\/chupa-chups-publi.png\u00bb alt=\u00bbchupa chups publicidad\u00bb title_text=\u00bbchupa chups publicidad\u00bb align=\u00bbcenter\u00bb _builder_version=\u00bb4.27.4&#8243; _module_preset=\u00bbdefault\u00bb custom_padding=\u00bb||50px||false|false\u00bb global_colors_info=\u00bb{}\u00bb theme_builder_area=\u00bbpost_content\u00bb][\/et_pb_image][et_pb_button button_url=\u00bb#indice\u00bb button_text=\u00bbVolver al \u00edndice de logos\u00bb button_alignment=\u00bbcenter\u00bb admin_label=\u00bbBoton indice\u00bb _builder_version=\u00bb4.27.4&#8243; _module_preset=\u00bbdefault\u00bb custom_button=\u00bbon\u00bb button_text_size=\u00bb16px\u00bb button_font=\u00bb||||||||\u00bb button_icon=\u00bb&#x3e;||divi||400&#8243; custom_margin=\u00bb||50px||false|false\u00bb button_text_size_tablet=\u00bb14px\u00bb button_text_size_phone=\u00bb12px\u00bb button_text_size_last_edited=\u00bbon|phone\u00bb global_module=\u00bb11556&#8243; saved_tabs=\u00bball\u00bb locked=\u00bboff\u00bb global_colors_info=\u00bb{}\u00bb theme_builder_area=\u00bbpost_content\u00bb][\/et_pb_button][\/et_pb_column][\/et_pb_row][\/et_pb_section][et_pb_section fb_built=\u00bb1&#8243; admin_label=\u00bbCitroen\u00bb module_id=\u00bbcitroen\u00bb _builder_version=\u00bb4.27.4&#8243; border_width_bottom=\u00bb3px\u00bb border_color_bottom=\u00bb#F1EBEA\u00bb locked=\u00bboff\u00bb collapsed=\u00bbon\u00bb global_colors_info=\u00bb{}\u00bb theme_builder_area=\u00bbpost_content\u00bb][et_pb_row use_custom_gutter=\u00bbon\u00bb gutter_width=\u00bb4&#8243; custom_padding_last_edited=\u00bboff|desktop\u00bb _builder_version=\u00bb4.27.4&#8243; width=\u00bb100%\u00bb module_alignment=\u00bbcenter\u00bb custom_padding=\u00bb30px|0px|10px|0px|false|true\u00bb custom_padding_tablet=\u00bb30px||||false|true\u00bb border_color_bottom=\u00bb#eaeaea\u00bb global_colors_info=\u00bb{}\u00bb theme_builder_area=\u00bbpost_content\u00bb][et_pb_column type=\u00bb4_4&#8243; _builder_version=\u00bb4.16&#8243; global_colors_info=\u00bb{}\u00bb theme_builder_area=\u00bbpost_content\u00bb][et_pb_text admin_label=\u00bbTexto\u00bb _builder_version=\u00bb4.27.4&#8243; _module_preset=\u00bbdefault\u00bb global_colors_info=\u00bb{}\u00bb theme_builder_area=\u00bbpost_content\u00bb]<\/p>\n<h3>Citro\u00ebn<\/h3>\n<p>Citro\u00ebn es una marca francesa de compa\u00f1\u00edas de fabricaci\u00f3n de autom\u00f3viles, fundada en 1919 por <a href=\"https:\/\/es.wikipedia.org\/wiki\/Andr%C3%A9_Citro%C3%ABn\" target=\"_blank\" rel=\"noopener\">Andre-Gustave Citro\u00ebn.<\/a><\/p>\n<p>El logotipo original de Citro\u00ebn fue creado en 1919 por el fundador de la marca.<\/p>\n<p>Su empresa familiar Engrenages Citroen se especializ\u00f3 inicialmente en dise\u00f1o y producci\u00f3n de engranajes helicoidales.<\/p>\n<p>La insignia original de Citro\u00ebn estaba compuesta por galones de marco ovalado, ejecutados en l\u00edneas finas resultando en un logotipo de marca sofisticado y ligero.<\/p>\n<p>En 1929 se crea la \u00fanica versi\u00f3n del logotipo donde se agrega un elemento gr\u00e1fico adicional: un cisne blanco con dos galones y una parte inferior azul, que simboliza el agua.<\/p>\n<p>Esta es la primera vez que aparece la marca denominativa en el logotipo.<\/p>\n<p>En 1959 se redise\u00f1a el logo con un enfoque moderno.<\/p>\n<p>La marca denominativa desaparece y los galones son tridimensionales ahora, y el concepto de marca empieza a perfilarse en la identidad que conocemos actualmente.<\/p>\n<p>Hacia 1985 la combinaci\u00f3n de colores del logotipo cambia dr\u00e1sticamente y el emblema se compone de dos galones blancos en un cuadrado rojo.<\/p>\n<p>Ahora la marca denominativa es m\u00e1s grande, con l\u00edneas claras y seguras en negro.<\/p>\n<p>En 2009 los galones vuelven a ser tridimensionales con un cambio de colores de negro a gris dando un efecto met\u00e1lico.<\/p>\n<p>El redise\u00f1o de 2022 crea una insignia geom\u00e9trica n\u00edtida volviendo al concepto inicial de la marca, con un estilo limpio y futurista.<\/p>\n<p>[\/et_pb_text][et_pb_image src=\u00bbhttps:\/\/www.web4.com.ar\/wp-content\/uploads\/2025\/08\/Citroen.png\u00bb alt=\u00bbCitro\u00ebn\u00bb title_text=\u00bbRestyling logo Citroen\u00bb align=\u00bbcenter\u00bb disabled_on=\u00bboff|off|off\u00bb admin_label=\u00bbImagen\u00bb _builder_version=\u00bb4.27.4&#8243; _module_preset=\u00bbdefault\u00bb custom_padding=\u00bb40px||40px||true|false\u00bb custom_padding_tablet=\u00bb40px||40px||true|false\u00bb custom_padding_phone=\u00bb25px||25px||true|false\u00bb custom_padding_last_edited=\u00bbon|phone\u00bb locked=\u00bboff\u00bb global_colors_info=\u00bb{}\u00bb theme_builder_area=\u00bbpost_content\u00bb][\/et_pb_image][et_pb_image src=\u00bbhttps:\/\/www.web4.com.ar\/wp-content\/uploads\/2025\/07\/citroen-publi.png\u00bb alt=\u00bbcitroen publicidad\u00bb title_text=\u00bbcitroen publicidad\u00bb align=\u00bbcenter\u00bb _builder_version=\u00bb4.27.4&#8243; _module_preset=\u00bbdefault\u00bb custom_padding=\u00bb||50px||false|false\u00bb global_colors_info=\u00bb{}\u00bb theme_builder_area=\u00bbpost_content\u00bb][\/et_pb_image][et_pb_button button_url=\u00bb#indice\u00bb button_text=\u00bbVolver al \u00edndice de logos\u00bb button_alignment=\u00bbcenter\u00bb admin_label=\u00bbBoton indice\u00bb _builder_version=\u00bb4.27.4&#8243; _module_preset=\u00bbdefault\u00bb custom_button=\u00bbon\u00bb button_text_size=\u00bb16px\u00bb button_font=\u00bb||||||||\u00bb button_icon=\u00bb&#x3e;||divi||400&#8243; custom_margin=\u00bb||50px||false|false\u00bb button_text_size_tablet=\u00bb14px\u00bb button_text_size_phone=\u00bb12px\u00bb button_text_size_last_edited=\u00bbon|phone\u00bb global_module=\u00bb11556&#8243; saved_tabs=\u00bball\u00bb locked=\u00bboff\u00bb global_colors_info=\u00bb{}\u00bb theme_builder_area=\u00bbpost_content\u00bb][\/et_pb_button][\/et_pb_column][\/et_pb_row][\/et_pb_section][et_pb_section fb_built=\u00bb1&#8243; admin_label=\u00bbDisney Channel\u00bb module_id=\u00bbdisney_channel\u00bb _builder_version=\u00bb4.27.4&#8243; border_width_bottom=\u00bb3px\u00bb border_color_bottom=\u00bb#F1EBEA\u00bb locked=\u00bboff\u00bb collapsed=\u00bbon\u00bb global_colors_info=\u00bb{}\u00bb theme_builder_area=\u00bbpost_content\u00bb][et_pb_row use_custom_gutter=\u00bbon\u00bb gutter_width=\u00bb4&#8243; custom_padding_last_edited=\u00bboff|desktop\u00bb _builder_version=\u00bb4.27.4&#8243; width=\u00bb100%\u00bb module_alignment=\u00bbcenter\u00bb custom_padding=\u00bb30px|0px|10px|0px|false|true\u00bb custom_padding_tablet=\u00bb30px||||false|true\u00bb border_color_bottom=\u00bb#eaeaea\u00bb global_colors_info=\u00bb{}\u00bb theme_builder_area=\u00bbpost_content\u00bb][et_pb_column type=\u00bb4_4&#8243; _builder_version=\u00bb4.16&#8243; global_colors_info=\u00bb{}\u00bb theme_builder_area=\u00bbpost_content\u00bb][et_pb_text admin_label=\u00bbTexto\u00bb _builder_version=\u00bb4.27.4&#8243; _module_preset=\u00bbdefault\u00bb global_colors_info=\u00bb{}\u00bb theme_builder_area=\u00bbpost_content\u00bb]<\/p>\n<h3>Disney Channel<\/h3>\n<p>El logotipo dise\u00f1ado en 1981 fue utilizado por la marca durante menos de un a\u00f1o.<\/p>\n<p>El contorno geom\u00e9trico de la cabeza de Mickey Mouse est\u00e1 recortado del rect\u00e1ngulo orientado horizontalmente con contornos suavizados, asemej\u00e1ndose a una pantalla de televisi\u00f3n de esa \u00e9poca.<\/p>\n<p>En 1986 se redise\u00f1a el logo cambiando a negro y reduciendo la cantidad de l\u00edneas horizontales.<\/p>\n<p>Se realiza otro gran cambio en la marca denominativa, que ahora presentaba una tipograf\u00eda <em>\u00abDisney\u00bb<\/em> personalizada representando el logo de la compa\u00f1\u00eda.<\/p>\n<p>En 1997 se crea una versi\u00f3n completamente nueva del logotipo con un colorido Mickey Mouse de pie con las manos en alto, a modo de mascot logo.<\/p>\n<p>En 1999, Mickey Mouse es eliminado del emblema y la televisi\u00f3n negra con orejas redondeadas es ahora color p\u00farpura.<\/p>\n<p>En 2002 la compa\u00f1\u00eda decide volverse minimalista y lac\u00f3nica, manteniendo las caracter\u00edsticas principales: las letras \u00fanicas de <em>\u00abDisney\u00bb<\/em> y el contorno de Mickey Mouse.<\/p>\n<p>La nueva paleta de colores hace que el logotipo se vea m\u00e1s fresco y n\u00edtido, lo que permite colocarlo en varios fondos.<\/p>\n<p>En 2014, la cabeza de Mickey Mouse se coloca reemplazando el punto sobre la letra \u00abI\u00bb en<em> \u00abDisney\u00bb.<\/em><\/p>\n<p>La marca denominativa es ahora el \u00fanico elemento de la identidad visual, apuntando a la vanguardia de la empresa en la industria del entretenimiento.<\/p>\n<p>Disney Channel realiza otro redise\u00f1o en 2024, siguiendo la tendencia internacional de minimizaci\u00f3n y simplificaci\u00f3n.<\/p>\n<p>El ic\u00f3nico logotipo de Disney es reescrito negro, con las letras sobre un fondo blanco sin ning\u00fan agregado gr\u00e1fico.<\/p>\n<p>Por primera vez en su historia de la empresa no se hace ninguna referencia a Mickey Mouse.<\/p>\n<p>[\/et_pb_text][et_pb_image src=\u00bbhttps:\/\/www.web4.com.ar\/wp-content\/uploads\/2025\/07\/Disney-Channel.png\u00bb alt=\u00bbReatyling logo Disney Channel\u00bb title_text=\u00bbReatyling logo Disney Channel\u00bb align=\u00bbcenter\u00bb disabled_on=\u00bboff|off|off\u00bb admin_label=\u00bbImagen\u00bb _builder_version=\u00bb4.27.4&#8243; _module_preset=\u00bbdefault\u00bb custom_padding=\u00bb40px||40px||true|false\u00bb custom_padding_tablet=\u00bb40px||40px||true|false\u00bb custom_padding_phone=\u00bb25px||25px||true|false\u00bb custom_padding_last_edited=\u00bbon|phone\u00bb locked=\u00bboff\u00bb global_colors_info=\u00bb{}\u00bb theme_builder_area=\u00bbpost_content\u00bb][\/et_pb_image][et_pb_image src=\u00bbhttps:\/\/www.web4.com.ar\/wp-content\/uploads\/2025\/07\/disney-channel-publi.png\u00bb alt=\u00bbdisney channel publicidad\u00bb title_text=\u00bbdisney channel publicidad\u00bb align=\u00bbcenter\u00bb _builder_version=\u00bb4.27.4&#8243; _module_preset=\u00bbdefault\u00bb custom_padding=\u00bb||50px||false|false\u00bb global_colors_info=\u00bb{}\u00bb theme_builder_area=\u00bbpost_content\u00bb][\/et_pb_image][et_pb_button button_url=\u00bb#indice\u00bb button_text=\u00bbVolver al \u00edndice de logos\u00bb button_alignment=\u00bbcenter\u00bb admin_label=\u00bbBoton indice\u00bb _builder_version=\u00bb4.27.4&#8243; _module_preset=\u00bbdefault\u00bb custom_button=\u00bbon\u00bb button_text_size=\u00bb16px\u00bb button_font=\u00bb||||||||\u00bb button_icon=\u00bb&#x3e;||divi||400&#8243; custom_margin=\u00bb||50px||false|false\u00bb button_text_size_tablet=\u00bb14px\u00bb button_text_size_phone=\u00bb12px\u00bb button_text_size_last_edited=\u00bbon|phone\u00bb global_module=\u00bb11556&#8243; saved_tabs=\u00bball\u00bb locked=\u00bboff\u00bb global_colors_info=\u00bb{}\u00bb theme_builder_area=\u00bbpost_content\u00bb][\/et_pb_button][\/et_pb_column][\/et_pb_row][\/et_pb_section][et_pb_section fb_built=\u00bb1&#8243; admin_label=\u00bbFanta\u00bb module_id=\u00bbfanta\u00bb _builder_version=\u00bb4.27.4&#8243; border_width_bottom=\u00bb3px\u00bb border_color_bottom=\u00bb#F1EBEA\u00bb locked=\u00bboff\u00bb collapsed=\u00bbon\u00bb global_colors_info=\u00bb{}\u00bb theme_builder_area=\u00bbpost_content\u00bb][et_pb_row use_custom_gutter=\u00bbon\u00bb gutter_width=\u00bb4&#8243; custom_padding_last_edited=\u00bboff|desktop\u00bb _builder_version=\u00bb4.27.4&#8243; width=\u00bb100%\u00bb module_alignment=\u00bbcenter\u00bb custom_padding=\u00bb30px|0px|10px|0px|false|true\u00bb custom_padding_tablet=\u00bb30px||||false|true\u00bb border_color_bottom=\u00bb#eaeaea\u00bb global_colors_info=\u00bb{}\u00bb theme_builder_area=\u00bbpost_content\u00bb][et_pb_column type=\u00bb4_4&#8243; _builder_version=\u00bb4.16&#8243; global_colors_info=\u00bb{}\u00bb theme_builder_area=\u00bbpost_content\u00bb][et_pb_text admin_label=\u00bbTexto\u00bb _builder_version=\u00bb4.27.4&#8243; _module_preset=\u00bbdefault\u00bb global_colors_info=\u00bb{}\u00bb theme_builder_area=\u00bbpost_content\u00bb]<\/p>\n<h3>Fanta<\/h3>\n<p>El logotipo de Fanta ha evolucionado buscando reflejar la evoluci\u00f3n de la marca y su enfoque en la diversi\u00f3n y la innovaci\u00f3n.<\/p>\n<p>El primer logo es un dise\u00f1o elegante en negro con una \u00abF\u00bb distintiva.<\/p>\n<p>Luego ir\u00e1 evolucionando hasta los a\u00f1os 80 que introdujo una combinaci\u00f3n de colores de azul, naranja y verde, con una tipograf\u00eda clara y recortada.<\/p>\n<p>Ya cercanos a los a\u00f1os 2000 se busca jugar con tipograf\u00eda de tipo brush e incluir el concepto de la naranja en la marca.<\/p>\n<p>En 2023 Fanta lanza una nueva identidad global, unificando su imagen en todo el mundo con un dise\u00f1o m\u00e1s moderno y simplificado.<\/p>\n<p>Utiliza una tipograf\u00eda angular y colores vibrantes, buscando inspirar alegr\u00eda y sed de aventura, motivando a tomar riesgos y disfrutar de la vida.<\/p>\n<p>Ya no enfoca su imagen en la naranja ya que la marca comercializa distintos sabores.<\/p>\n<p>[\/et_pb_text][et_pb_image src=\u00bbhttps:\/\/www.web4.com.ar\/wp-content\/uploads\/2025\/07\/Fanta-1.png\u00bb alt=\u00bbRestyling logo Fanta\u00bb title_text=\u00bbRestyling logo Fanta\u00bb align=\u00bbcenter\u00bb disabled_on=\u00bboff|off|off\u00bb admin_label=\u00bbImagen\u00bb _builder_version=\u00bb4.27.4&#8243; _module_preset=\u00bbdefault\u00bb custom_padding=\u00bb40px||40px||true|false\u00bb custom_padding_tablet=\u00bb40px||40px||true|false\u00bb custom_padding_phone=\u00bb25px||25px||true|false\u00bb custom_padding_last_edited=\u00bbon|phone\u00bb locked=\u00bboff\u00bb global_colors_info=\u00bb{}\u00bb theme_builder_area=\u00bbpost_content\u00bb][\/et_pb_image][et_pb_image src=\u00bbhttps:\/\/www.web4.com.ar\/wp-content\/uploads\/2025\/07\/fanta-publi.png\u00bb alt=\u00bbfanta publicidad\u00bb title_text=\u00bbfanta publicidad\u00bb align=\u00bbcenter\u00bb _builder_version=\u00bb4.27.4&#8243; _module_preset=\u00bbdefault\u00bb custom_margin=\u00bb||50px||false|false\u00bb global_colors_info=\u00bb{}\u00bb theme_builder_area=\u00bbpost_content\u00bb][\/et_pb_image][et_pb_button button_url=\u00bb#indice\u00bb button_text=\u00bbVolver al \u00edndice de logos\u00bb button_alignment=\u00bbcenter\u00bb admin_label=\u00bbBoton indice\u00bb _builder_version=\u00bb4.27.4&#8243; _module_preset=\u00bbdefault\u00bb custom_button=\u00bbon\u00bb button_text_size=\u00bb16px\u00bb button_font=\u00bb||||||||\u00bb button_icon=\u00bb&#x3e;||divi||400&#8243; custom_margin=\u00bb||50px||false|false\u00bb button_text_size_tablet=\u00bb14px\u00bb button_text_size_phone=\u00bb12px\u00bb button_text_size_last_edited=\u00bbon|phone\u00bb global_module=\u00bb11556&#8243; saved_tabs=\u00bball\u00bb locked=\u00bboff\u00bb global_colors_info=\u00bb{}\u00bb theme_builder_area=\u00bbpost_content\u00bb][\/et_pb_button][\/et_pb_column][\/et_pb_row][\/et_pb_section][et_pb_section fb_built=\u00bb1&#8243; admin_label=\u00bbFedEx\u00bb module_id=\u00bbfedex\u00bb _builder_version=\u00bb4.27.4&#8243; border_width_bottom=\u00bb3px\u00bb border_color_bottom=\u00bb#F1EBEA\u00bb locked=\u00bboff\u00bb collapsed=\u00bbon\u00bb global_colors_info=\u00bb{}\u00bb theme_builder_area=\u00bbpost_content\u00bb][et_pb_row use_custom_gutter=\u00bbon\u00bb gutter_width=\u00bb4&#8243; custom_padding_last_edited=\u00bboff|desktop\u00bb _builder_version=\u00bb4.27.4&#8243; width=\u00bb100%\u00bb module_alignment=\u00bbcenter\u00bb custom_padding=\u00bb30px|0px|10px|0px|false|true\u00bb custom_padding_tablet=\u00bb30px||||false|true\u00bb border_color_bottom=\u00bb#eaeaea\u00bb global_colors_info=\u00bb{}\u00bb theme_builder_area=\u00bbpost_content\u00bb][et_pb_column type=\u00bb4_4&#8243; _builder_version=\u00bb4.16&#8243; global_colors_info=\u00bb{}\u00bb theme_builder_area=\u00bbpost_content\u00bb][et_pb_text admin_label=\u00bbTexto\u00bb _builder_version=\u00bb4.27.4&#8243; _module_preset=\u00bbdefault\u00bb global_colors_info=\u00bb{}\u00bb theme_builder_area=\u00bbpost_content\u00bb]<\/p>\n<h3>FedEx<\/h3>\n<p>El logotipo de FedEx m\u00e1s antiguo reflejaba el nombre original de la empresa Federal Express.<\/p>\n<p>La raz\u00f3n principal por la que su fundador Fred Smith eligi\u00f3 este nombre fue que quer\u00eda obtener al Banco de la Reserva Federal como cliente.<\/p>\n<p>Adem\u00e1s, supuso que la palabra <em>\u201cFederal\u201d<\/em> podr\u00eda darle peso a la empresa enfatizando el patriotismo y el deseo de contribuir a la econom\u00eda del pa\u00eds.<\/p>\n<p>El logotipo actual fue dise\u00f1ado por <a href=\"https:\/\/en.wikipedia.org\/wiki\/Landor_Associates\" target=\"_blank\" rel=\"noopener\">Landor Associated<\/a> en 1994 y es uno de los dise\u00f1os de marcas m\u00e1s emblem\u00e1ticos de la historia.<\/p>\n<p>Su detalle principal es una flecha blanca apuntando hacia la derecha, formada por el espacio negativo entre las letras \u00abE\u00bb y \u00abX\u00bb<\/p>\n<p>Este es un mensaje subliminal que muestra la esencia de la empresa y evoca una sensaci\u00f3n de movimiento.<\/p>\n<p>El dise\u00f1o ha sido tan efectivo que se mantiene vigente en la actualidad, sobreviviendo a todos los cambios que impone la era digital.<\/p>\n<p>[\/et_pb_text][et_pb_image src=\u00bbhttps:\/\/www.web4.com.ar\/wp-content\/uploads\/2025\/07\/FedEx.png\u00bb alt=\u00bbRestyling logo FedEx\u00bb title_text=\u00bbRestyling logo FedEx\u00bb align=\u00bbcenter\u00bb disabled_on=\u00bboff|off|off\u00bb admin_label=\u00bbImagen\u00bb _builder_version=\u00bb4.27.4&#8243; _module_preset=\u00bbdefault\u00bb custom_padding=\u00bb40px||40px||true|false\u00bb custom_padding_tablet=\u00bb40px||40px||true|false\u00bb custom_padding_phone=\u00bb25px||25px||true|false\u00bb custom_padding_last_edited=\u00bbon|phone\u00bb locked=\u00bboff\u00bb global_colors_info=\u00bb{}\u00bb theme_builder_area=\u00bbpost_content\u00bb][\/et_pb_image][et_pb_image src=\u00bbhttps:\/\/www.web4.com.ar\/wp-content\/uploads\/2025\/07\/FedEx-publi.png\u00bb alt=\u00bbFedEx publicidad\u00bb title_text=\u00bbFedEx publicidad\u00bb align=\u00bbcenter\u00bb _builder_version=\u00bb4.27.4&#8243; _module_preset=\u00bbdefault\u00bb custom_margin=\u00bb||50px||false|false\u00bb global_colors_info=\u00bb{}\u00bb theme_builder_area=\u00bbpost_content\u00bb][\/et_pb_image][et_pb_button button_url=\u00bb#indice\u00bb button_text=\u00bbVolver al \u00edndice de logos\u00bb button_alignment=\u00bbcenter\u00bb admin_label=\u00bbBoton indice\u00bb _builder_version=\u00bb4.27.4&#8243; _module_preset=\u00bbdefault\u00bb custom_button=\u00bbon\u00bb button_text_size=\u00bb16px\u00bb button_font=\u00bb||||||||\u00bb button_icon=\u00bb&#x3e;||divi||400&#8243; custom_margin=\u00bb||50px||false|false\u00bb button_text_size_tablet=\u00bb14px\u00bb button_text_size_phone=\u00bb12px\u00bb button_text_size_last_edited=\u00bbon|phone\u00bb global_module=\u00bb11556&#8243; saved_tabs=\u00bball\u00bb locked=\u00bboff\u00bb global_colors_info=\u00bb{}\u00bb theme_builder_area=\u00bbpost_content\u00bb][\/et_pb_button][\/et_pb_column][\/et_pb_row][\/et_pb_section][et_pb_section fb_built=\u00bb1&#8243; admin_label=\u00bbFord\u00bb module_id=\u00bbford\u00bb _builder_version=\u00bb4.27.4&#8243; border_width_bottom=\u00bb3px\u00bb border_color_bottom=\u00bb#F1EBEA\u00bb locked=\u00bboff\u00bb collapsed=\u00bbon\u00bb global_colors_info=\u00bb{}\u00bb theme_builder_area=\u00bbpost_content\u00bb][et_pb_row use_custom_gutter=\u00bbon\u00bb gutter_width=\u00bb4&#8243; custom_padding_last_edited=\u00bboff|desktop\u00bb _builder_version=\u00bb4.27.4&#8243; width=\u00bb100%\u00bb module_alignment=\u00bbcenter\u00bb custom_padding=\u00bb30px|0px|10px|0px|false|true\u00bb custom_padding_tablet=\u00bb30px||||false|true\u00bb border_color_bottom=\u00bb#eaeaea\u00bb global_colors_info=\u00bb{}\u00bb theme_builder_area=\u00bbpost_content\u00bb][et_pb_column type=\u00bb4_4&#8243; _builder_version=\u00bb4.16&#8243; global_colors_info=\u00bb{}\u00bb theme_builder_area=\u00bbpost_content\u00bb][et_pb_text admin_label=\u00bbTexto\u00bb _builder_version=\u00bb4.27.4&#8243; _module_preset=\u00bbdefault\u00bb global_colors_info=\u00bb{}\u00bb theme_builder_area=\u00bbpost_content\u00bb]<\/p>\n<h3>Ford<\/h3>\n<p>El logotipo de Ford se ha convertido en uno de los m\u00e1s reconocibles del mundo dentro de la industria automotriz.<\/p>\n<p>En 1903 se crea el primer logotipo de Ford Motor Company y estaba compuesto por una insignia ornamentada redondeada en un marco con hojas y curvas.<\/p>\n<p>En 1907 Ford decide cambiar su estilo por uno moderno y fuerte, con un estilo y forma completamente nuevos: el rombo con \u00e1ngulos suaves redondeados tiene una inscripci\u00f3n <em>\u00abFord\u00bb<\/em> negra en el medio.<\/p>\n<p>En 1911 la empresa redise\u00f1a su logo con la firma del fundador encerrada en un doble \u00f3valo horizontal, y la inscripci\u00f3n<em> \u201cLos Famosos Autom\u00f3viles\u201d<\/em><\/p>\n<p>Este dise\u00f1o comienza a insinuar los rasgos definitivos y su dise\u00f1o ovalado que se mantienen hasta la actualidad.<\/p>\n<p>El dise\u00f1o de 1965 es un \u00f3valo estrecho estirado horizontalmente en una paleta de colores azul suave, con un contorno doble simplificado en azul y blanco.<\/p>\n<p>Esta versi\u00f3n todav\u00eda se usa en la mayor parte de los veh\u00edculos y se convirti\u00f3 en el modelo tridimensional que se usa para determinadas aplicaciones.<\/p>\n<p>[\/et_pb_text][et_pb_image src=\u00bbhttps:\/\/www.web4.com.ar\/wp-content\/uploads\/2025\/07\/ford.png\u00bb alt=\u00bbRestyling logo Ford\u00bb title_text=\u00bbRestyling logo Ford\u00bb align=\u00bbcenter\u00bb disabled_on=\u00bboff|off|off\u00bb admin_label=\u00bbImagen\u00bb _builder_version=\u00bb4.27.4&#8243; _module_preset=\u00bbdefault\u00bb custom_padding=\u00bb40px||40px||true|false\u00bb custom_padding_tablet=\u00bb40px||40px||true|false\u00bb custom_padding_phone=\u00bb25px||25px||true|false\u00bb custom_padding_last_edited=\u00bbon|phone\u00bb locked=\u00bboff\u00bb global_colors_info=\u00bb{}\u00bb theme_builder_area=\u00bbpost_content\u00bb][\/et_pb_image][et_pb_image src=\u00bbhttps:\/\/www.web4.com.ar\/wp-content\/uploads\/2025\/07\/ford-publi-1.png\u00bb alt=\u00bbford publicidad\u00bb title_text=\u00bbford publicidad\u00bb align=\u00bbcenter\u00bb _builder_version=\u00bb4.27.4&#8243; _module_preset=\u00bbdefault\u00bb custom_margin=\u00bb||50px||false|false\u00bb global_colors_info=\u00bb{}\u00bb theme_builder_area=\u00bbpost_content\u00bb][\/et_pb_image][et_pb_button button_url=\u00bb#indice\u00bb button_text=\u00bbVolver al \u00edndice de logos\u00bb button_alignment=\u00bbcenter\u00bb admin_label=\u00bbBoton indice\u00bb _builder_version=\u00bb4.27.4&#8243; _module_preset=\u00bbdefault\u00bb custom_button=\u00bbon\u00bb button_text_size=\u00bb16px\u00bb button_font=\u00bb||||||||\u00bb button_icon=\u00bb&#x3e;||divi||400&#8243; custom_margin=\u00bb||50px||false|false\u00bb button_text_size_tablet=\u00bb14px\u00bb button_text_size_phone=\u00bb12px\u00bb button_text_size_last_edited=\u00bbon|phone\u00bb global_module=\u00bb11556&#8243; saved_tabs=\u00bball\u00bb locked=\u00bboff\u00bb global_colors_info=\u00bb{}\u00bb theme_builder_area=\u00bbpost_content\u00bb][\/et_pb_button][\/et_pb_column][\/et_pb_row][\/et_pb_section][et_pb_section fb_built=\u00bb1&#8243; admin_label=\u00bbGatorade\u00bb module_id=\u00bbgatorade\u00bb _builder_version=\u00bb4.27.4&#8243; border_width_bottom=\u00bb3px\u00bb border_color_bottom=\u00bb#F1EBEA\u00bb locked=\u00bboff\u00bb collapsed=\u00bbon\u00bb global_colors_info=\u00bb{}\u00bb theme_builder_area=\u00bbpost_content\u00bb][et_pb_row use_custom_gutter=\u00bbon\u00bb gutter_width=\u00bb4&#8243; custom_padding_last_edited=\u00bboff|desktop\u00bb _builder_version=\u00bb4.27.4&#8243; width=\u00bb100%\u00bb module_alignment=\u00bbcenter\u00bb custom_padding=\u00bb30px|0px|10px|0px|false|true\u00bb custom_padding_tablet=\u00bb30px||||false|true\u00bb border_color_bottom=\u00bb#eaeaea\u00bb global_colors_info=\u00bb{}\u00bb theme_builder_area=\u00bbpost_content\u00bb][et_pb_column type=\u00bb4_4&#8243; _builder_version=\u00bb4.16&#8243; global_colors_info=\u00bb{}\u00bb theme_builder_area=\u00bbpost_content\u00bb][et_pb_text admin_label=\u00bbTexto\u00bb _builder_version=\u00bb4.27.4&#8243; _module_preset=\u00bbdefault\u00bb global_colors_info=\u00bb{}\u00bb theme_builder_area=\u00bbpost_content\u00bb]<\/p>\n<h3>Gatorade<\/h3>\n<p>El logotipo de Gatorade original se introduce en 1966 y presenta letras monocrom\u00e1ticas en cuatro niveles.<\/p>\n<p>Era m\u00e1s una insignia oficial que una etiqueta, estricta y simple.<\/p>\n<p>El cambio de marca de 1970 trae un s\u00edmbolo ic\u00f3nico y colorido a la identidad visual de Gatorade.<\/p>\n<p>El logotipo consiste en una marca denominativa verde con contorno negro, encerrada en un marco rectangular naranja, con un rayo de luz naranja que lo atraviesa.<\/p>\n<p>Tambi\u00e9n tiene un eslogan azul<em> \u00abThirst Quencher\u00bb<\/em> colocado debajo de la marca dentro del marco.<\/p>\n<p>Desde el redise\u00f1o de 1970 el logotipo de Gatorade no ha cambiado demasiado y siempre se ha mantenido el rayo, rasgo distintivo del logotipo.<\/p>\n<p>En 2009 se introduce un concepto completamente nuevo mediante un logo responsivo.<\/p>\n<p>La marca denominativa es de uso opcional y se reemplaza por una enorme <em>\u00abG\u00bb<\/em> que ahora es el elemento principal de la identidad visual.<\/p>\n<p>Esta inicial es atravesada por un rayo de luz naranja con un doble contorno rojo y negro.<\/p>\n<p>No posee detalles adicionales ni tonos degradados, solo un logotipo plano liso compuesto por dos s\u00edmbolos.<\/p>\n<p>[\/et_pb_text][et_pb_image src=\u00bbhttps:\/\/www.web4.com.ar\/wp-content\/uploads\/2025\/07\/Gatorade.png\u00bb alt=\u00bbRestyling logo Gatorade\u00bb title_text=\u00bbRestyling logo Gatorade\u00bb align=\u00bbcenter\u00bb disabled_on=\u00bboff|off|off\u00bb admin_label=\u00bbImagen\u00bb _builder_version=\u00bb4.27.4&#8243; _module_preset=\u00bbdefault\u00bb custom_padding=\u00bb40px||40px||true|false\u00bb custom_padding_tablet=\u00bb40px||40px||true|false\u00bb custom_padding_phone=\u00bb25px||25px||true|false\u00bb custom_padding_last_edited=\u00bbon|phone\u00bb locked=\u00bboff\u00bb global_colors_info=\u00bb{}\u00bb theme_builder_area=\u00bbpost_content\u00bb][\/et_pb_image][et_pb_image src=\u00bbhttps:\/\/www.web4.com.ar\/wp-content\/uploads\/2025\/07\/gatorade-publi.png\u00bb alt=\u00bbgatorade publicidad\u00bb title_text=\u00bbgatorade publicidad\u00bb align=\u00bbcenter\u00bb _builder_version=\u00bb4.27.4&#8243; _module_preset=\u00bbdefault\u00bb custom_margin=\u00bb||50px||false|false\u00bb global_colors_info=\u00bb{}\u00bb theme_builder_area=\u00bbpost_content\u00bb][\/et_pb_image][et_pb_button button_url=\u00bb#indice\u00bb button_text=\u00bbVolver al \u00edndice de logos\u00bb button_alignment=\u00bbcenter\u00bb admin_label=\u00bbBoton indice\u00bb _builder_version=\u00bb4.27.4&#8243; _module_preset=\u00bbdefault\u00bb custom_button=\u00bbon\u00bb button_text_size=\u00bb16px\u00bb button_font=\u00bb||||||||\u00bb button_icon=\u00bb&#x3e;||divi||400&#8243; custom_margin=\u00bb||50px||false|false\u00bb button_text_size_tablet=\u00bb14px\u00bb button_text_size_phone=\u00bb12px\u00bb button_text_size_last_edited=\u00bbon|phone\u00bb global_module=\u00bb11556&#8243; saved_tabs=\u00bball\u00bb locked=\u00bboff\u00bb global_colors_info=\u00bb{}\u00bb theme_builder_area=\u00bbpost_content\u00bb][\/et_pb_button][\/et_pb_column][\/et_pb_row][\/et_pb_section][et_pb_section fb_built=\u00bb1&#8243; admin_label=\u00bbGoogle\u00bb module_id=\u00bbgoogle\u00bb _builder_version=\u00bb4.27.4&#8243; border_width_bottom=\u00bb3px\u00bb border_color_bottom=\u00bb#F1EBEA\u00bb locked=\u00bboff\u00bb collapsed=\u00bbon\u00bb global_colors_info=\u00bb{}\u00bb theme_builder_area=\u00bbpost_content\u00bb][et_pb_row use_custom_gutter=\u00bbon\u00bb gutter_width=\u00bb4&#8243; custom_padding_last_edited=\u00bboff|desktop\u00bb _builder_version=\u00bb4.27.4&#8243; width=\u00bb100%\u00bb module_alignment=\u00bbcenter\u00bb custom_padding=\u00bb30px|0px|10px|0px|false|true\u00bb custom_padding_tablet=\u00bb30px||||false|true\u00bb border_color_bottom=\u00bb#eaeaea\u00bb global_colors_info=\u00bb{}\u00bb theme_builder_area=\u00bbpost_content\u00bb][et_pb_column type=\u00bb4_4&#8243; _builder_version=\u00bb4.16&#8243; global_colors_info=\u00bb{}\u00bb theme_builder_area=\u00bbpost_content\u00bb][et_pb_text admin_label=\u00bbTexto\u00bb _builder_version=\u00bb4.27.4&#8243; _module_preset=\u00bbdefault\u00bb global_colors_info=\u00bb{}\u00bb theme_builder_area=\u00bbpost_content\u00bb]<\/p>\n<h3>Google<\/h3>\n<p>Google es el motor de b\u00fasqueda m\u00e1s popular del mundo con la mayor variedad de idiomas.<\/p>\n<p>Fue creado por <a href=\"https:\/\/en.wikipedia.org\/wiki\/Sergey_Brin\" target=\"_blank\" rel=\"noopener\">Sergey Brin<\/a> y <a href=\"https:\/\/en.wikipedia.org\/wiki\/Larry_Page\" target=\"_blank\" rel=\"noopener\">Larry Page<\/a>, estudiantes de la Universidad de Stamford.<\/p>\n<p>El prototipo del s\u00edmbolo de Google de hoy aparece en 1997.<\/p>\n<p>Desde entonces, ha sufrido algunos ajustes y modificaciones, pero el concepto ha permanecido igual.<\/p>\n<p>En 1998 el logotipo adquiere su paleta de colores actual usando colores azul, rojo amarillo y verde.<\/p>\n<p>La ic\u00f3nica paleta de colores de Google, compuesta por cuatro tonos, representa los cuatro elementos principales: aire, tierra, fuego y agua.<\/p>\n<p>Tambi\u00e9n representa la variedad de servicios de Google y muestra sus infinitas posibilidades.<\/p>\n<p>Los colores rojo, azul, amarillo y verde se utilizan para todas las marcas de servicio de la empresa, mostrando unidad y conexi\u00f3n.<\/p>\n<p>El logotipo de Google est\u00e1 sujeto a Google Doodles, que consiste en modificaciones temporales, que aparecen en la p\u00e1gina de inicio de la plataforma en d\u00edas festivos o para celebrar eventos importantes y\/o logros hist\u00f3ricos.<\/p>\n<p>En 2015 el logo de Google es redise\u00f1ado nuevamente dejando intacto el esquema de color caracter\u00edstico pero cambiando el estilo y la forma de las letras.<\/p>\n<p>[\/et_pb_text][et_pb_image src=\u00bbhttps:\/\/www.web4.com.ar\/wp-content\/uploads\/2025\/07\/google.png\u00bb alt=\u00bbRestyling logo Google\u00bb title_text=\u00bbRestyling logo Google\u00bb align=\u00bbcenter\u00bb disabled_on=\u00bboff|off|off\u00bb admin_label=\u00bbImagen\u00bb _builder_version=\u00bb4.27.4&#8243; _module_preset=\u00bbdefault\u00bb custom_padding=\u00bb40px||40px||true|false\u00bb custom_padding_tablet=\u00bb40px||40px||true|false\u00bb custom_padding_phone=\u00bb25px||25px||true|false\u00bb custom_padding_last_edited=\u00bbon|phone\u00bb locked=\u00bboff\u00bb global_colors_info=\u00bb{}\u00bb theme_builder_area=\u00bbpost_content\u00bb][\/et_pb_image][et_pb_image src=\u00bbhttps:\/\/www.web4.com.ar\/wp-content\/uploads\/2025\/07\/google-publi.png\u00bb alt=\u00bbgoogle publicidad\u00bb title_text=\u00bbgoogle publicidad\u00bb align=\u00bbcenter\u00bb _builder_version=\u00bb4.27.4&#8243; _module_preset=\u00bbdefault\u00bb custom_margin=\u00bb||50px||false|false\u00bb global_colors_info=\u00bb{}\u00bb theme_builder_area=\u00bbpost_content\u00bb][\/et_pb_image][et_pb_button button_url=\u00bb#indice\u00bb button_text=\u00bbVolver al \u00edndice de logos\u00bb button_alignment=\u00bbcenter\u00bb admin_label=\u00bbBoton indice\u00bb _builder_version=\u00bb4.27.4&#8243; _module_preset=\u00bbdefault\u00bb custom_button=\u00bbon\u00bb button_text_size=\u00bb16px\u00bb button_font=\u00bb||||||||\u00bb button_icon=\u00bb&#x3e;||divi||400&#8243; custom_margin=\u00bb||50px||false|false\u00bb button_text_size_tablet=\u00bb14px\u00bb button_text_size_phone=\u00bb12px\u00bb button_text_size_last_edited=\u00bbon|phone\u00bb global_module=\u00bb11556&#8243; saved_tabs=\u00bball\u00bb locked=\u00bboff\u00bb global_colors_info=\u00bb{}\u00bb theme_builder_area=\u00bbpost_content\u00bb][\/et_pb_button][\/et_pb_column][\/et_pb_row][\/et_pb_section][et_pb_section fb_built=\u00bb1&#8243; admin_label=\u00bbHeineken\u00bb module_id=\u00bbheineken\u00bb _builder_version=\u00bb4.27.4&#8243; border_width_bottom=\u00bb3px\u00bb border_color_bottom=\u00bb#F1EBEA\u00bb locked=\u00bboff\u00bb collapsed=\u00bbon\u00bb global_colors_info=\u00bb{}\u00bb theme_builder_area=\u00bbpost_content\u00bb][et_pb_row use_custom_gutter=\u00bbon\u00bb gutter_width=\u00bb4&#8243; custom_padding_last_edited=\u00bboff|desktop\u00bb _builder_version=\u00bb4.27.4&#8243; width=\u00bb100%\u00bb module_alignment=\u00bbcenter\u00bb custom_padding=\u00bb30px|0px|10px|0px|false|true\u00bb custom_padding_tablet=\u00bb30px||||false|true\u00bb border_color_bottom=\u00bb#eaeaea\u00bb global_colors_info=\u00bb{}\u00bb theme_builder_area=\u00bbpost_content\u00bb][et_pb_column type=\u00bb4_4&#8243; _builder_version=\u00bb4.16&#8243; global_colors_info=\u00bb{}\u00bb theme_builder_area=\u00bbpost_content\u00bb][et_pb_text admin_label=\u00bbTexto\u00bb _builder_version=\u00bb4.27.4&#8243; _module_preset=\u00bbdefault\u00bb global_colors_info=\u00bb{}\u00bb theme_builder_area=\u00bbpost_content\u00bb]<\/p>\n<h3>Heineken<\/h3>\n<p>Heineken es una de las marcas de cerveza m\u00e1s populares del mundo.<\/p>\n<p>El logotipo inicial de 1864 era un \u00f3valo azul a modo de insignia.<\/p>\n<p>El espacio gris del medio contiene el dibujo de la propia cervecer\u00eda, adem\u00e1s de algunas palabras que explican qu\u00e9 producto fabrican exactamente.<\/p>\n<p>En 1884 se dise\u00f1a el logotipo m\u00e1s antiguo conocido de la cerveza en forma ovalada con un marco verde grueso en un contorno blanco.<\/p>\n<p>La parte central del emblema contiene una cinta horizontal negra con una marca denominativa, el contorno negro de una estrella de cinco puntas y un fino adorno verde debajo de la cinta.<\/p>\n<p>A partir de ese a\u00f1o el verde es el color institucional de la marca.<\/p>\n<p>El s\u00edmbolo m\u00e1s reconocible utilizado en el logotipo de Heineken es la estrella roja.<\/p>\n<p>En aquellos d\u00edas, la elaboraci\u00f3n de cerveza era considerada un proceso extraordinario y m\u00e1gico.<\/p>\n<p>La estrella de cinco puntas simbolizaba los cuatro elementos y el 5\u00ba elemento m\u00e1gico que determinaba la calidad de la cerveza.<\/p>\n<p>En el redise\u00f1o de 1954, la etiqueta finalmente comienza a usar solo la inscripci\u00f3n \u00abHeineken\u00bb en blanco, colocada en una barra de cinta horizontal negra.<\/p>\n<p>En 1974 se introduce la marca denominativa principal con el nombre en verde y la tipograf\u00eda que se mantiene hasta la actualidad.<\/p>\n<p>En 1991 se dise\u00f1a el segundo logotipo oficial con una inscripci\u00f3n elegante y reconocible al instante en verde con una estrella roja s\u00f3lida, colocada a la izquierda o encima de las letras.<\/p>\n<p>A veces, la marca solo usa la estrella, en otros casos, la marca denominativa blanca en una cinta negra, con la estrella roja arriba y un adorno de hojas verdes debajo.<\/p>\n<p>[\/et_pb_text][et_pb_image src=\u00bbhttps:\/\/www.web4.com.ar\/wp-content\/uploads\/2025\/07\/Heineken.png\u00bb alt=\u00bbRestyling logo Heineken\u00bb title_text=\u00bbRestyling logo Heineken\u00bb align=\u00bbcenter\u00bb disabled_on=\u00bboff|off|off\u00bb admin_label=\u00bbImagen\u00bb _builder_version=\u00bb4.27.4&#8243; _module_preset=\u00bbdefault\u00bb custom_padding=\u00bb40px||40px||true|false\u00bb custom_padding_tablet=\u00bb40px||40px||true|false\u00bb custom_padding_phone=\u00bb25px||25px||true|false\u00bb custom_padding_last_edited=\u00bbon|phone\u00bb locked=\u00bboff\u00bb global_colors_info=\u00bb{}\u00bb theme_builder_area=\u00bbpost_content\u00bb][\/et_pb_image][et_pb_image src=\u00bbhttps:\/\/www.web4.com.ar\/wp-content\/uploads\/2025\/07\/heineken-publi.png\u00bb alt=\u00bbheineken publicidad\u00bb title_text=\u00bbheineken publicidad\u00bb align=\u00bbcenter\u00bb _builder_version=\u00bb4.27.4&#8243; _module_preset=\u00bbdefault\u00bb custom_margin=\u00bb||50px||false|false\u00bb global_colors_info=\u00bb{}\u00bb theme_builder_area=\u00bbpost_content\u00bb][\/et_pb_image][et_pb_button button_url=\u00bb#indice\u00bb button_text=\u00bbVolver al \u00edndice de logos\u00bb button_alignment=\u00bbcenter\u00bb admin_label=\u00bbBoton indice\u00bb _builder_version=\u00bb4.27.4&#8243; _module_preset=\u00bbdefault\u00bb custom_button=\u00bbon\u00bb button_text_size=\u00bb16px\u00bb button_font=\u00bb||||||||\u00bb button_icon=\u00bb&#x3e;||divi||400&#8243; custom_margin=\u00bb||50px||false|false\u00bb button_text_size_tablet=\u00bb14px\u00bb button_text_size_phone=\u00bb12px\u00bb button_text_size_last_edited=\u00bbon|phone\u00bb global_module=\u00bb11556&#8243; saved_tabs=\u00bball\u00bb locked=\u00bboff\u00bb global_colors_info=\u00bb{}\u00bb theme_builder_area=\u00bbpost_content\u00bb][\/et_pb_button][\/et_pb_column][\/et_pb_row][\/et_pb_section][et_pb_section fb_built=\u00bb1&#8243; admin_label=\u00bbIberia\u00bb module_id=\u00bbiberia\u00bb _builder_version=\u00bb4.27.4&#8243; border_width_bottom=\u00bb3px\u00bb border_color_bottom=\u00bb#F1EBEA\u00bb locked=\u00bboff\u00bb collapsed=\u00bbon\u00bb global_colors_info=\u00bb{}\u00bb theme_builder_area=\u00bbpost_content\u00bb][et_pb_row use_custom_gutter=\u00bbon\u00bb gutter_width=\u00bb4&#8243; custom_padding_last_edited=\u00bboff|desktop\u00bb _builder_version=\u00bb4.27.4&#8243; width=\u00bb100%\u00bb module_alignment=\u00bbcenter\u00bb custom_padding=\u00bb30px|0px|10px|0px|false|true\u00bb custom_padding_tablet=\u00bb30px||||false|true\u00bb border_color_bottom=\u00bb#eaeaea\u00bb global_colors_info=\u00bb{}\u00bb theme_builder_area=\u00bbpost_content\u00bb][et_pb_column type=\u00bb4_4&#8243; _builder_version=\u00bb4.16&#8243; global_colors_info=\u00bb{}\u00bb theme_builder_area=\u00bbpost_content\u00bb][et_pb_text admin_label=\u00bbTexto\u00bb _builder_version=\u00bb4.27.4&#8243; _module_preset=\u00bbdefault\u00bb global_colors_info=\u00bb{}\u00bb theme_builder_area=\u00bbpost_content\u00bb]<\/p>\n<h3>Iberia<\/h3>\n<p>El dise\u00f1o original de 1927 es el m\u00e1s minimalista, solamente se representa la palabra en may\u00fascula <em>\u00abIberia\u00bb<\/em>.<\/p>\n<p>En 1939 es reemplazado por un logotipo alado e incorpora colores de la bandera de Espa\u00f1a<\/p>\n<p>M\u00e1s tarde fue evolucionando con una marca denominativa en 1941, seguido de elaboraciones sobre el tema del globo en 1954, 1963 y 1967.<\/p>\n<p>En 1977 comienza la era del estilizado dise\u00f1o del isotipo<em> \u00abIB\u00bb.<\/em><\/p>\n<p>La forma abstracta del logotipo actual presentado en 2013, hace referencia indirecta al <em>\u00abIB\u00bb<\/em> pero esta vez se enfoca en representar la cola del avi\u00f3n.<\/p>\n<p>Tiene un incre\u00edble estilo moderno, din\u00e1mico y memorable y ubica a la empresa en un lugar destacado en el mercado de las l\u00edneas a\u00e9reas.<\/p>\n<p>[\/et_pb_text][et_pb_image src=\u00bbhttps:\/\/www.web4.com.ar\/wp-content\/uploads\/2025\/07\/Iberia.png\u00bb alt=\u00bbRestyling logo Iberia\u00bb title_text=\u00bbRestyling logo Iberia\u00bb align=\u00bbcenter\u00bb disabled_on=\u00bboff|off|off\u00bb admin_label=\u00bbImagen\u00bb _builder_version=\u00bb4.27.4&#8243; _module_preset=\u00bbdefault\u00bb custom_padding=\u00bb40px||40px||true|false\u00bb custom_padding_tablet=\u00bb40px||40px||true|false\u00bb custom_padding_phone=\u00bb25px||25px||true|false\u00bb custom_padding_last_edited=\u00bbon|phone\u00bb locked=\u00bboff\u00bb global_colors_info=\u00bb{}\u00bb theme_builder_area=\u00bbpost_content\u00bb][\/et_pb_image][et_pb_image src=\u00bbhttps:\/\/www.web4.com.ar\/wp-content\/uploads\/2025\/07\/iberia-publi.png\u00bb alt=\u00bbiberia publicidad\u00bb title_text=\u00bbiberia publicidad\u00bb align=\u00bbcenter\u00bb _builder_version=\u00bb4.27.4&#8243; _module_preset=\u00bbdefault\u00bb custom_margin=\u00bb||50px||false|false\u00bb global_colors_info=\u00bb{}\u00bb theme_builder_area=\u00bbpost_content\u00bb][\/et_pb_image][et_pb_button button_url=\u00bb#indice\u00bb button_text=\u00bbVolver al \u00edndice de logos\u00bb button_alignment=\u00bbcenter\u00bb admin_label=\u00bbBoton indice\u00bb _builder_version=\u00bb4.27.4&#8243; _module_preset=\u00bbdefault\u00bb custom_button=\u00bbon\u00bb button_text_size=\u00bb16px\u00bb button_font=\u00bb||||||||\u00bb button_icon=\u00bb&#x3e;||divi||400&#8243; custom_margin=\u00bb||50px||false|false\u00bb button_text_size_tablet=\u00bb14px\u00bb button_text_size_phone=\u00bb12px\u00bb button_text_size_last_edited=\u00bbon|phone\u00bb global_module=\u00bb11556&#8243; saved_tabs=\u00bball\u00bb locked=\u00bboff\u00bb global_colors_info=\u00bb{}\u00bb theme_builder_area=\u00bbpost_content\u00bb][\/et_pb_button][\/et_pb_column][\/et_pb_row][\/et_pb_section][et_pb_section fb_built=\u00bb1&#8243; admin_label=\u00bbIBM\u00bb module_id=\u00bbibm\u00bb _builder_version=\u00bb4.27.4&#8243; border_width_bottom=\u00bb3px\u00bb border_color_bottom=\u00bb#F1EBEA\u00bb locked=\u00bboff\u00bb collapsed=\u00bbon\u00bb global_colors_info=\u00bb{}\u00bb theme_builder_area=\u00bbpost_content\u00bb][et_pb_row use_custom_gutter=\u00bbon\u00bb gutter_width=\u00bb4&#8243; custom_padding_last_edited=\u00bboff|desktop\u00bb _builder_version=\u00bb4.27.4&#8243; width=\u00bb100%\u00bb module_alignment=\u00bbcenter\u00bb custom_padding=\u00bb30px|0px|10px|0px|false|true\u00bb custom_padding_tablet=\u00bb30px||||false|true\u00bb border_color_bottom=\u00bb#eaeaea\u00bb global_colors_info=\u00bb{}\u00bb theme_builder_area=\u00bbpost_content\u00bb][et_pb_column type=\u00bb4_4&#8243; _builder_version=\u00bb4.16&#8243; global_colors_info=\u00bb{}\u00bb theme_builder_area=\u00bbpost_content\u00bb][et_pb_text admin_label=\u00bbTexto\u00bb _builder_version=\u00bb4.27.4&#8243; _module_preset=\u00bbdefault\u00bb global_colors_info=\u00bb{}\u00bb theme_builder_area=\u00bbpost_content\u00bb]<\/p>\n<h3>IBM<\/h3>\n<p>IBM es una empresa l\u00edder en el mundo en la producci\u00f3n de software y hardware, adem\u00e1s de brindar diversos servicios de soporte y consultor\u00eda.<\/p>\n<p>La empresa se establece como resultado de la fusi\u00f3n de dos negocios: <em>International Time Recording Company<\/em> y<em> Computing Scale Company.<\/em><\/p>\n<p>En 1924 cambia su nombre a<em> International Business Machines<\/em> y el nuevo logotipo aparece estilizado como un globo terr\u00e1queo.<\/p>\n<p>En 1947 International Business Machines simplifica su nombre bajo la sigla IBM, con un logotipo azul minimalista con letras may\u00fasculas ejecutadas en una forma cuadrada y masiva de tipograf\u00eda serif.<\/p>\n<p>Este dise\u00f1o ser\u00e1 el pilar para los futuros restylings de la marca.<\/p>\n<p>La primera versi\u00f3n del ic\u00f3nico logo de IBM a rayas se dise\u00f1a en 1967 modificando el emblema anterior, donde la inscripci\u00f3n azul est\u00e1 cortada horizontalmente en 13 tiras iguales.<\/p>\n<p>En 1972 <a href=\"https:\/\/en.wikipedia.org\/wiki\/Paul_Rand\" target=\"_blank\" rel=\"noopener\">Paul Rand<\/a> realiza el redise\u00f1o que perdura hasta la actualidad reduciendo el n\u00famero de l\u00edneas a ocho.<\/p>\n<p>En 2018 la empresa decide retomar su logo completo original de 1956 pero ahora es una inscripci\u00f3n <em>\u00abIBM\u00bb<\/em> blanca, colocada en un fondo gris oscuro, y se usa en ocasiones minimalistas que necesiten mejor legibilidad.<\/p>\n<p>[\/et_pb_text][et_pb_image src=\u00bbhttps:\/\/www.web4.com.ar\/wp-content\/uploads\/2025\/07\/IBM.png\u00bb alt=\u00bbRestyling logo IBM\u00bb title_text=\u00bbRestyling logo IBM\u00bb align=\u00bbcenter\u00bb disabled_on=\u00bboff|off|off\u00bb admin_label=\u00bbImagen\u00bb _builder_version=\u00bb4.27.4&#8243; _module_preset=\u00bbdefault\u00bb custom_padding=\u00bb40px||40px||true|false\u00bb custom_padding_tablet=\u00bb40px||40px||true|false\u00bb custom_padding_phone=\u00bb25px||25px||true|false\u00bb custom_padding_last_edited=\u00bbon|phone\u00bb locked=\u00bboff\u00bb global_colors_info=\u00bb{}\u00bb theme_builder_area=\u00bbpost_content\u00bb][\/et_pb_image][et_pb_image src=\u00bbhttps:\/\/www.web4.com.ar\/wp-content\/uploads\/2025\/07\/ibm-publi.png\u00bb alt=\u00bbibm publicidad\u00bb title_text=\u00bbibm publicidad\u00bb align=\u00bbcenter\u00bb _builder_version=\u00bb4.27.4&#8243; _module_preset=\u00bbdefault\u00bb custom_margin=\u00bb||50px||false|false\u00bb global_colors_info=\u00bb{}\u00bb theme_builder_area=\u00bbpost_content\u00bb][\/et_pb_image][et_pb_button button_url=\u00bb#indice\u00bb button_text=\u00bbVolver al \u00edndice de logos\u00bb button_alignment=\u00bbcenter\u00bb admin_label=\u00bbBoton indice\u00bb _builder_version=\u00bb4.27.4&#8243; _module_preset=\u00bbdefault\u00bb custom_button=\u00bbon\u00bb button_text_size=\u00bb16px\u00bb button_font=\u00bb||||||||\u00bb button_icon=\u00bb&#x3e;||divi||400&#8243; custom_margin=\u00bb||50px||false|false\u00bb button_text_size_tablet=\u00bb14px\u00bb button_text_size_phone=\u00bb12px\u00bb button_text_size_last_edited=\u00bbon|phone\u00bb global_module=\u00bb11556&#8243; saved_tabs=\u00bball\u00bb locked=\u00bboff\u00bb global_colors_info=\u00bb{}\u00bb theme_builder_area=\u00bbpost_content\u00bb][\/et_pb_button][\/et_pb_column][\/et_pb_row][\/et_pb_section][et_pb_section fb_built=\u00bb1&#8243; admin_label=\u00bbInstagram\u00bb module_id=\u00bbinstagram\u00bb _builder_version=\u00bb4.27.4&#8243; border_width_bottom=\u00bb3px\u00bb border_color_bottom=\u00bb#F1EBEA\u00bb locked=\u00bboff\u00bb collapsed=\u00bbon\u00bb global_colors_info=\u00bb{}\u00bb theme_builder_area=\u00bbpost_content\u00bb][et_pb_row use_custom_gutter=\u00bbon\u00bb gutter_width=\u00bb4&#8243; custom_padding_last_edited=\u00bboff|desktop\u00bb _builder_version=\u00bb4.27.4&#8243; width=\u00bb100%\u00bb module_alignment=\u00bbcenter\u00bb custom_padding=\u00bb30px|0px|10px|0px|false|true\u00bb custom_padding_tablet=\u00bb30px||||false|true\u00bb border_color_bottom=\u00bb#eaeaea\u00bb global_colors_info=\u00bb{}\u00bb theme_builder_area=\u00bbpost_content\u00bb][et_pb_column type=\u00bb4_4&#8243; _builder_version=\u00bb4.16&#8243; global_colors_info=\u00bb{}\u00bb theme_builder_area=\u00bbpost_content\u00bb][et_pb_text admin_label=\u00bbTexto\u00bb _builder_version=\u00bb4.27.4&#8243; _module_preset=\u00bbdefault\u00bb global_colors_info=\u00bb{}\u00bb theme_builder_area=\u00bbpost_content\u00bb]<\/p>\n<h3>Instagram<\/h3>\n<p>Instagram es una de las redes sociales m\u00e1s populares, con m\u00e1s de mil millones de usuarios de todo el mundo.<\/p>\n<p>A lo largo de su breve historia, la empresa lo ha redise\u00f1ado su logotipo en pocas ocasiones.<\/p>\n<p>Todas basadas en la forma de una c\u00e1mara instant\u00e1nea, las versiones del logotipo de Instagram han reflejado la designaci\u00f3n clave de la red: compartir fotograf\u00edas.<\/p>\n<p>En 2016 se presenta el nuevo logotipo de Instagram junto con una interfaz de aplicaci\u00f3n actualizada.<\/p>\n<p>Si bien muchos usuarios criticaron el dise\u00f1o, se ha mantenido sin cambios durante a\u00f1os.<\/p>\n<p>El elegante dise\u00f1o minimalista de la nueva versi\u00f3n se basa en las insignias anteriores, pero se redibuja de forma abstracta y plana.<\/p>\n<p>El cuadrado degradado de naranja a rosa con \u00e1ngulos redondeados tiene un contorno de c\u00e1mara audaz dibujado sobre \u00e9l en blanco.<\/p>\n<p>El redise\u00f1o de 2022 presenta una versi\u00f3n renovada del logo de 2016, refinando su paleta de colores, pero manteniendo el concepto y las formas.<\/p>\n<p>La nueva insignia tambi\u00e9n se ejecuta en degradados de naranja a p\u00farpura, pero todos los tonos se volvieron m\u00e1s claros, por lo que ahora el \u00edcono se ve a\u00fan m\u00e1s brillante.<\/p>\n<p>[\/et_pb_text][et_pb_image src=\u00bbhttps:\/\/www.web4.com.ar\/wp-content\/uploads\/2025\/07\/Instagram.png\u00bb alt=\u00bbRestyling logo Instagram\u00bb title_text=\u00bbRestyling logo Instagram\u00bb align=\u00bbcenter\u00bb disabled_on=\u00bboff|off|off\u00bb admin_label=\u00bbImagen\u00bb _builder_version=\u00bb4.27.4&#8243; _module_preset=\u00bbdefault\u00bb custom_padding=\u00bb40px||40px||true|false\u00bb custom_padding_tablet=\u00bb40px||40px||true|false\u00bb custom_padding_phone=\u00bb25px||25px||true|false\u00bb custom_padding_last_edited=\u00bbon|phone\u00bb locked=\u00bboff\u00bb global_colors_info=\u00bb{}\u00bb theme_builder_area=\u00bbpost_content\u00bb][\/et_pb_image][et_pb_image src=\u00bbhttps:\/\/www.web4.com.ar\/wp-content\/uploads\/2025\/07\/instagram-publi.png\u00bb alt=\u00bbinstagram publicidad\u00bb title_text=\u00bbinstagram publicidad\u00bb align=\u00bbcenter\u00bb _builder_version=\u00bb4.27.4&#8243; _module_preset=\u00bbdefault\u00bb custom_margin=\u00bb||50px||false|false\u00bb global_colors_info=\u00bb{}\u00bb theme_builder_area=\u00bbpost_content\u00bb][\/et_pb_image][et_pb_button button_url=\u00bb#indice\u00bb button_text=\u00bbVolver al \u00edndice de logos\u00bb button_alignment=\u00bbcenter\u00bb admin_label=\u00bbBoton indice\u00bb _builder_version=\u00bb4.27.4&#8243; _module_preset=\u00bbdefault\u00bb custom_button=\u00bbon\u00bb button_text_size=\u00bb16px\u00bb button_font=\u00bb||||||||\u00bb button_icon=\u00bb&#x3e;||divi||400&#8243; custom_margin=\u00bb||50px||false|false\u00bb button_text_size_tablet=\u00bb14px\u00bb button_text_size_phone=\u00bb12px\u00bb button_text_size_last_edited=\u00bbon|phone\u00bb global_module=\u00bb11556&#8243; saved_tabs=\u00bball\u00bb locked=\u00bboff\u00bb global_colors_info=\u00bb{}\u00bb theme_builder_area=\u00bbpost_content\u00bb][\/et_pb_button][\/et_pb_column][\/et_pb_row][\/et_pb_section][et_pb_section fb_built=\u00bb1&#8243; admin_label=\u00bbJaguar\u00bb module_id=\u00bbjaguar\u00bb _builder_version=\u00bb4.27.4&#8243; border_width_bottom=\u00bb3px\u00bb border_color_bottom=\u00bb#F1EBEA\u00bb locked=\u00bboff\u00bb collapsed=\u00bbon\u00bb global_colors_info=\u00bb{}\u00bb theme_builder_area=\u00bbpost_content\u00bb][et_pb_row use_custom_gutter=\u00bbon\u00bb gutter_width=\u00bb4&#8243; custom_padding_last_edited=\u00bboff|desktop\u00bb _builder_version=\u00bb4.27.4&#8243; width=\u00bb100%\u00bb module_alignment=\u00bbcenter\u00bb custom_padding=\u00bb30px|0px|10px|0px|false|true\u00bb custom_padding_tablet=\u00bb30px||||false|true\u00bb border_color_bottom=\u00bb#eaeaea\u00bb global_colors_info=\u00bb{}\u00bb theme_builder_area=\u00bbpost_content\u00bb][et_pb_column type=\u00bb4_4&#8243; _builder_version=\u00bb4.16&#8243; global_colors_info=\u00bb{}\u00bb theme_builder_area=\u00bbpost_content\u00bb][et_pb_text admin_label=\u00bbTexto\u00bb _builder_version=\u00bb4.27.4&#8243; _module_preset=\u00bbdefault\u00bb global_colors_info=\u00bb{}\u00bb theme_builder_area=\u00bbpost_content\u00bb]<\/p>\n<h3>Jaguar<\/h3>\n<p>La marca de lujo Jaguar, creada en 1922 en el Reino Unido, es famosa por dise\u00f1ar y fabricar autom\u00f3viles de alta gama.<\/p>\n<p>Las primeras versiones de logos de la empresa Swallow Sidecar eran emblemas alados y utilizaban el monograma SS, pero luego toma connotaciones negativas por su semejanza al nazismo.<\/p>\n<p>El redise\u00f1o de 1951 ha simplificado por completo la insignia de Jaguar, convirti\u00e9ndola en solo un logotipo en may\u00fasculas.<\/p>\n<p>La inscripci\u00f3n en caracteres negros se ejecuta en una fuente elegante de forma completa con l\u00edneas gruesas de las letras y serifas delgadas y alargadas en sus extremos.<\/p>\n<p>En 1957 re realiza un restlynig notable y comienza a aparecer la imagen del gran felino que identificar\u00e1 a la marca hasta el presente.<\/p>\n<p>El logotipo del jaguar saltando se presenta en 1982 y ese concepto se ha ido estilizando hasta el presente dando verdadera identidad a la marca.<\/p>\n<p>En 2024 la empresa realiza un redise\u00f1o total del logo que ha sido muy pol\u00e9mico, ya que muchos consideran que se perdi\u00f3 la esencia y la identidad.<\/p>\n<p>Son los riesgos que se corren por querer presumir de modernos y vanguardistas realizando cambios radicales y tratando de imponer la visi\u00f3n de la empresa por sobre las preferencias de los clientes.<\/p>\n<p>Solo resta esperar y ver qu\u00e9 depara el tiempo en la asimilaci\u00f3n y aceptaci\u00f3n de tan dr\u00e1sticos cambios.<\/p>\n<p>[\/et_pb_text][et_pb_image src=\u00bbhttps:\/\/www.web4.com.ar\/wp-content\/uploads\/2025\/07\/Jaguar.png\u00bb alt=\u00bbRestyling logo Jaguar\u00bb title_text=\u00bbRestyling logo Jaguar\u00bb align=\u00bbcenter\u00bb disabled_on=\u00bboff|off|off\u00bb admin_label=\u00bbImagen\u00bb _builder_version=\u00bb4.27.4&#8243; _module_preset=\u00bbdefault\u00bb custom_padding=\u00bb40px||40px||true|false\u00bb custom_padding_tablet=\u00bb40px||40px||true|false\u00bb custom_padding_phone=\u00bb25px||25px||true|false\u00bb custom_padding_last_edited=\u00bbon|phone\u00bb locked=\u00bboff\u00bb global_colors_info=\u00bb{}\u00bb theme_builder_area=\u00bbpost_content\u00bb][\/et_pb_image][et_pb_image src=\u00bbhttps:\/\/www.web4.com.ar\/wp-content\/uploads\/2025\/07\/juaguar-publi.png\u00bb alt=\u00bbjuaguar publicidad\u00bb title_text=\u00bbjuaguar publicidad\u00bb align=\u00bbcenter\u00bb _builder_version=\u00bb4.27.4&#8243; _module_preset=\u00bbdefault\u00bb custom_margin=\u00bb||50px||false|false\u00bb global_colors_info=\u00bb{}\u00bb theme_builder_area=\u00bbpost_content\u00bb][\/et_pb_image][et_pb_button button_url=\u00bb#indice\u00bb button_text=\u00bbVolver al \u00edndice de logos\u00bb button_alignment=\u00bbcenter\u00bb admin_label=\u00bbBoton indice\u00bb _builder_version=\u00bb4.27.4&#8243; _module_preset=\u00bbdefault\u00bb custom_button=\u00bbon\u00bb button_text_size=\u00bb16px\u00bb button_font=\u00bb||||||||\u00bb button_icon=\u00bb&#x3e;||divi||400&#8243; custom_margin=\u00bb||50px||false|false\u00bb button_text_size_tablet=\u00bb14px\u00bb button_text_size_phone=\u00bb12px\u00bb button_text_size_last_edited=\u00bbon|phone\u00bb global_module=\u00bb11556&#8243; saved_tabs=\u00bball\u00bb locked=\u00bboff\u00bb global_colors_info=\u00bb{}\u00bb theme_builder_area=\u00bbpost_content\u00bb][\/et_pb_button][\/et_pb_column][\/et_pb_row][\/et_pb_section][et_pb_section fb_built=\u00bb1&#8243; admin_label=\u00bbKFC\u00bb module_id=\u00bbkfc\u00bb _builder_version=\u00bb4.27.4&#8243; border_width_bottom=\u00bb3px\u00bb border_color_bottom=\u00bb#F1EBEA\u00bb locked=\u00bboff\u00bb collapsed=\u00bbon\u00bb global_colors_info=\u00bb{}\u00bb theme_builder_area=\u00bbpost_content\u00bb][et_pb_row use_custom_gutter=\u00bbon\u00bb gutter_width=\u00bb4&#8243; custom_padding_last_edited=\u00bboff|desktop\u00bb _builder_version=\u00bb4.27.4&#8243; width=\u00bb100%\u00bb module_alignment=\u00bbcenter\u00bb custom_padding=\u00bb30px|0px|10px|0px|false|true\u00bb custom_padding_tablet=\u00bb30px||||false|true\u00bb border_color_bottom=\u00bb#eaeaea\u00bb global_colors_info=\u00bb{}\u00bb theme_builder_area=\u00bbpost_content\u00bb][et_pb_column type=\u00bb4_4&#8243; _builder_version=\u00bb4.16&#8243; global_colors_info=\u00bb{}\u00bb theme_builder_area=\u00bbpost_content\u00bb][et_pb_text admin_label=\u00bbTexto\u00bb _builder_version=\u00bb4.27.4&#8243; _module_preset=\u00bbdefault\u00bb global_colors_info=\u00bb{}\u00bb theme_builder_area=\u00bbpost_content\u00bb]<\/p>\n<h3>KFC<\/h3>\n<p>La cadena de restaurantes de comida r\u00e1pida KFC especializada en pollo frito tiene m\u00e1s de 20.000 restaurantes en todo el mundo.<\/p>\n<p>El logotipo de KFC siempre sigui\u00f3 los mismos principios: paleta de colores y el retrato de su fundador.<\/p>\n<p>El logotipo fue redise\u00f1ado 5 veces durante su historia, pero definitivamente no se trata de un cambio, sino de una evoluci\u00f3n.<\/p>\n<p>El logotipo original de KFC es dise\u00f1ado en 1954 y presenta lamarca denominativa <em>\u201cKentucky Fried Chicken\u201d<\/em> en un tipo de letra manuscrita.<\/p>\n<p>En 1991 cambia su nombre a KFC, su dise\u00f1o cambia dr\u00e1sticamente y el color rojo aparece en la identidad visual.<\/p>\n<p>En 2018 se realiza el \u00faltimo redise\u00f1o cambiando la forma a trapezoidal y se perfecciona el retrato.<\/p>\n<p>El logotipo de KFC es brillante y acogedor, es una opci\u00f3n perfecta para la industria de la comida r\u00e1pida, que evoca una sensaci\u00f3n de calidez y hospitalidad.<\/p>\n<p>[\/et_pb_text][et_pb_image src=\u00bbhttps:\/\/www.web4.com.ar\/wp-content\/uploads\/2025\/07\/KFC.png\u00bb alt=\u00bbRestyling logo KFC\u00bb title_text=\u00bbRestyling logo KFC\u00bb align=\u00bbcenter\u00bb disabled_on=\u00bboff|off|off\u00bb admin_label=\u00bbImagen\u00bb _builder_version=\u00bb4.27.4&#8243; _module_preset=\u00bbdefault\u00bb custom_padding=\u00bb40px||40px||true|false\u00bb custom_padding_tablet=\u00bb40px||40px||true|false\u00bb custom_padding_phone=\u00bb25px||25px||true|false\u00bb custom_padding_last_edited=\u00bbon|phone\u00bb locked=\u00bboff\u00bb global_colors_info=\u00bb{}\u00bb theme_builder_area=\u00bbpost_content\u00bb][\/et_pb_image][et_pb_image src=\u00bbhttps:\/\/www.web4.com.ar\/wp-content\/uploads\/2025\/07\/kfc-publi.png\u00bb alt=\u00bbkfc publicidad\u00bb title_text=\u00bbkfc publicidad\u00bb align=\u00bbcenter\u00bb _builder_version=\u00bb4.27.4&#8243; _module_preset=\u00bbdefault\u00bb custom_margin=\u00bb||50px||false|false\u00bb global_colors_info=\u00bb{}\u00bb theme_builder_area=\u00bbpost_content\u00bb][\/et_pb_image][et_pb_button button_url=\u00bb#indice\u00bb button_text=\u00bbVolver al \u00edndice de logos\u00bb button_alignment=\u00bbcenter\u00bb admin_label=\u00bbBoton indice\u00bb _builder_version=\u00bb4.27.4&#8243; _module_preset=\u00bbdefault\u00bb custom_button=\u00bbon\u00bb button_text_size=\u00bb16px\u00bb button_font=\u00bb||||||||\u00bb button_icon=\u00bb&#x3e;||divi||400&#8243; custom_margin=\u00bb||50px||false|false\u00bb button_text_size_tablet=\u00bb14px\u00bb button_text_size_phone=\u00bb12px\u00bb button_text_size_last_edited=\u00bbon|phone\u00bb global_module=\u00bb11556&#8243; saved_tabs=\u00bball\u00bb locked=\u00bboff\u00bb global_colors_info=\u00bb{}\u00bb theme_builder_area=\u00bbpost_content\u00bb][\/et_pb_button][\/et_pb_column][\/et_pb_row][\/et_pb_section][et_pb_section fb_built=\u00bb1&#8243; admin_label=\u00bbKodak\u00bb module_id=\u00bbkodak\u00bb _builder_version=\u00bb4.27.4&#8243; border_width_bottom=\u00bb3px\u00bb border_color_bottom=\u00bb#F1EBEA\u00bb locked=\u00bboff\u00bb collapsed=\u00bbon\u00bb global_colors_info=\u00bb{}\u00bb theme_builder_area=\u00bbpost_content\u00bb][et_pb_row use_custom_gutter=\u00bbon\u00bb gutter_width=\u00bb4&#8243; custom_padding_last_edited=\u00bboff|desktop\u00bb _builder_version=\u00bb4.27.4&#8243; width=\u00bb100%\u00bb module_alignment=\u00bbcenter\u00bb custom_padding=\u00bb30px|0px|10px|0px|false|true\u00bb custom_padding_tablet=\u00bb30px||||false|true\u00bb border_color_bottom=\u00bb#eaeaea\u00bb global_colors_info=\u00bb{}\u00bb theme_builder_area=\u00bbpost_content\u00bb][et_pb_column type=\u00bb4_4&#8243; _builder_version=\u00bb4.16&#8243; global_colors_info=\u00bb{}\u00bb theme_builder_area=\u00bbpost_content\u00bb][et_pb_text admin_label=\u00bbTexto\u00bb _builder_version=\u00bb4.27.4&#8243; _module_preset=\u00bbdefault\u00bb global_colors_info=\u00bb{}\u00bb theme_builder_area=\u00bbpost_content\u00bb]<\/p>\n<h3>Kodak<\/h3>\n<p>El logotipo inicial fue creado para The Eastman Dry Plate Company en 1889 y presentaba una insignia de estilo de dise\u00f1o art\u00edstico elegante con un marco negro adornado con letras blancas.<\/p>\n<p>En 1907 la empresa pasa a llamarse <em>Eastman Kodak Company<\/em> y cambia su logotipo a un monograma\u00a0 donde las tres letras se ejecutan en l\u00edneas rectas con cortes geom\u00e9tricos.<\/p>\n<p>En 1935 se hace oficial el nombre <em>Kodak<\/em> y se redide\u00f1a la identidad visual.<\/p>\n<p>El nuevo emblema permanece con la marca durante muchos a\u00f1os y se convierte en la base de la insignia actual que todo el mundo conoce.<\/p>\n<p>En 1971 se crea el antecesor del actual logotipo de Kodak.<\/p>\n<p>El nuevo emblema presenta un cuadrado amarillo s\u00f3lido con una \u00abK\u00bb roja agrandada estilizada como una c\u00e1mara colocada de perfil y una inscripci\u00f3n amarilla <em>\u00abKodak\u00bb<\/em> en su parte derecha.<\/p>\n<p>En 1983 la empresa se vuelve minimalista y convierte la simple marca denominativa roja en su logotipo oficial.<\/p>\n<p>Ese mismo a\u00f1o la marca adopta un logotipo muy diferente, usando una paleta de color en blanco y negro que reemplaza los tradicionales colores rojo y naranja.<\/p>\n<p>La mitad inferior del emblema tiene un patr\u00f3n de rayas que le aporta dinamismo e inter\u00e9s.<\/p>\n<p>En 1987 se retorna a la paleta de color tradicional en versiones m\u00e1s estilizadas de los logos de 1971.<\/p>\n<p>En los a\u00f1os siguientes se alternan versiones de marca denominativa con isologotipos.<\/p>\n<p>[\/et_pb_text][et_pb_image src=\u00bbhttps:\/\/www.web4.com.ar\/wp-content\/uploads\/2025\/07\/Kodak.png\u00bb alt=\u00bbRestyling logo Kodak\u00bb title_text=\u00bbRestyling logo Kodak\u00bb align=\u00bbcenter\u00bb disabled_on=\u00bboff|off|off\u00bb admin_label=\u00bbImagen\u00bb _builder_version=\u00bb4.27.4&#8243; _module_preset=\u00bbdefault\u00bb custom_padding=\u00bb40px||40px||true|false\u00bb custom_padding_tablet=\u00bb40px||40px||true|false\u00bb custom_padding_phone=\u00bb25px||25px||true|false\u00bb custom_padding_last_edited=\u00bbon|phone\u00bb locked=\u00bboff\u00bb global_colors_info=\u00bb{}\u00bb theme_builder_area=\u00bbpost_content\u00bb][\/et_pb_image][et_pb_image src=\u00bbhttps:\/\/www.web4.com.ar\/wp-content\/uploads\/2025\/07\/kodak-publi.png\u00bb alt=\u00bbkodak publicidad\u00bb title_text=\u00bbkodak publicidad\u00bb align=\u00bbcenter\u00bb _builder_version=\u00bb4.27.4&#8243; _module_preset=\u00bbdefault\u00bb custom_margin=\u00bb||50px||false|false\u00bb global_colors_info=\u00bb{}\u00bb theme_builder_area=\u00bbpost_content\u00bb][\/et_pb_image][et_pb_button button_url=\u00bb#indice\u00bb button_text=\u00bbVolver al \u00edndice de logos\u00bb button_alignment=\u00bbcenter\u00bb admin_label=\u00bbBoton indice\u00bb _builder_version=\u00bb4.27.4&#8243; _module_preset=\u00bbdefault\u00bb custom_button=\u00bbon\u00bb button_text_size=\u00bb16px\u00bb button_font=\u00bb||||||||\u00bb button_icon=\u00bb&#x3e;||divi||400&#8243; custom_margin=\u00bb||50px||false|false\u00bb button_text_size_tablet=\u00bb14px\u00bb button_text_size_phone=\u00bb12px\u00bb button_text_size_last_edited=\u00bbon|phone\u00bb global_module=\u00bb11556&#8243; saved_tabs=\u00bball\u00bb locked=\u00bboff\u00bb global_colors_info=\u00bb{}\u00bb theme_builder_area=\u00bbpost_content\u00bb][\/et_pb_button][\/et_pb_column][\/et_pb_row][\/et_pb_section][et_pb_section fb_built=\u00bb1&#8243; admin_label=\u00bbLay&#8217;s\u00bb module_id=\u00bblays\u00bb _builder_version=\u00bb4.27.4&#8243; border_width_bottom=\u00bb3px\u00bb border_color_bottom=\u00bb#F1EBEA\u00bb locked=\u00bboff\u00bb collapsed=\u00bbon\u00bb global_colors_info=\u00bb{}\u00bb theme_builder_area=\u00bbpost_content\u00bb][et_pb_row use_custom_gutter=\u00bbon\u00bb gutter_width=\u00bb4&#8243; custom_padding_last_edited=\u00bboff|desktop\u00bb _builder_version=\u00bb4.27.4&#8243; width=\u00bb100%\u00bb module_alignment=\u00bbcenter\u00bb custom_padding=\u00bb30px|0px|10px|0px|false|true\u00bb custom_padding_tablet=\u00bb30px||||false|true\u00bb border_color_bottom=\u00bb#eaeaea\u00bb global_colors_info=\u00bb{}\u00bb theme_builder_area=\u00bbpost_content\u00bb][et_pb_column type=\u00bb4_4&#8243; _builder_version=\u00bb4.16&#8243; global_colors_info=\u00bb{}\u00bb theme_builder_area=\u00bbpost_content\u00bb][et_pb_text admin_label=\u00bbTexto\u00bb _builder_version=\u00bb4.27.4&#8243; _module_preset=\u00bbdefault\u00bb global_colors_info=\u00bb{}\u00bb theme_builder_area=\u00bbpost_content\u00bb]<\/p>\n<h3>Lay\u2019s<\/h3>\n<p>Lay\u2019s es una marca estadounidense de snacks que se establece en 1932 y hoy es uno de los fabricantes de papas fritas m\u00e1s famosos del mundo.<\/p>\n<p>El primer logotipo de Lay\u2019s se crea en 1932 y sigue siendo la base del dise\u00f1o de identidad visual actual de la reconocida marca.<\/p>\n<p>En 1997 el logotipo incorpora el color amarillo que se dibuja de manera desigual evocando la forma de un sol y tambi\u00e9n de una papa frita.<\/p>\n<p>Las letras se refinan en l\u00edneas m\u00e1s tradicionales y tienen una sombra azul.<\/p>\n<p>El fondo rojo ahora es reemplazado por una cinta, dibujada alrededor del sol amarillo.<\/p>\n<p>Es la primera versi\u00f3n del logo que todos conocemos hoy.<\/p>\n<p>En 2007 el logotipo adquiere una forma tridimensional manteniendo el color ic\u00f3nico y la composici\u00f3n de formas.<\/p>\n<p>El redise\u00f1o de 2019 vuelve a ser a ser plano.<\/p>\n<p>La insignia ejecutada en amarillo y rojo intensos todav\u00eda tiene algunos tonos degradados, pero agregan m\u00e1s movimiento y din\u00e1mica que volumen a la imagen.<\/p>\n<p>[\/et_pb_text][et_pb_image src=\u00bbhttps:\/\/www.web4.com.ar\/wp-content\/uploads\/2025\/07\/Lays.png\u00bb alt=\u00bbRestyling logo Lay&#8217;s\u00bb title_text=\u00bbRestyling logo Lay&#8217;s\u00bb align=\u00bbcenter\u00bb disabled_on=\u00bboff|off|off\u00bb admin_label=\u00bbImagen\u00bb _builder_version=\u00bb4.27.4&#8243; _module_preset=\u00bbdefault\u00bb custom_padding=\u00bb40px||40px||true|false\u00bb custom_padding_tablet=\u00bb40px||40px||true|false\u00bb custom_padding_phone=\u00bb25px||25px||true|false\u00bb custom_padding_last_edited=\u00bbon|phone\u00bb locked=\u00bboff\u00bb global_colors_info=\u00bb{}\u00bb theme_builder_area=\u00bbpost_content\u00bb][\/et_pb_image][et_pb_image src=\u00bbhttps:\/\/www.web4.com.ar\/wp-content\/uploads\/2025\/07\/lays-publi.png\u00bb alt=\u00bblays publicidad\u00bb title_text=\u00bblays publicidad\u00bb align=\u00bbcenter\u00bb _builder_version=\u00bb4.27.4&#8243; _module_preset=\u00bbdefault\u00bb custom_margin=\u00bb||50px||false|false\u00bb global_colors_info=\u00bb{}\u00bb theme_builder_area=\u00bbpost_content\u00bb][\/et_pb_image][et_pb_button button_url=\u00bb#indice\u00bb button_text=\u00bbVolver al \u00edndice de logos\u00bb button_alignment=\u00bbcenter\u00bb admin_label=\u00bbBoton indice\u00bb _builder_version=\u00bb4.27.4&#8243; _module_preset=\u00bbdefault\u00bb custom_button=\u00bbon\u00bb button_text_size=\u00bb16px\u00bb button_font=\u00bb||||||||\u00bb button_icon=\u00bb&#x3e;||divi||400&#8243; custom_margin=\u00bb||50px||false|false\u00bb button_text_size_tablet=\u00bb14px\u00bb button_text_size_phone=\u00bb12px\u00bb button_text_size_last_edited=\u00bbon|phone\u00bb global_module=\u00bb11556&#8243; saved_tabs=\u00bball\u00bb locked=\u00bboff\u00bb global_colors_info=\u00bb{}\u00bb theme_builder_area=\u00bbpost_content\u00bb][\/et_pb_button][\/et_pb_column][\/et_pb_row][\/et_pb_section][et_pb_section fb_built=\u00bb1&#8243; admin_label=\u00bbLevi&#8217;s\u00bb module_id=\u00bblevis\u00bb _builder_version=\u00bb4.27.4&#8243; border_width_bottom=\u00bb3px\u00bb border_color_bottom=\u00bb#F1EBEA\u00bb locked=\u00bboff\u00bb collapsed=\u00bbon\u00bb global_colors_info=\u00bb{}\u00bb theme_builder_area=\u00bbpost_content\u00bb][et_pb_row use_custom_gutter=\u00bbon\u00bb gutter_width=\u00bb4&#8243; custom_padding_last_edited=\u00bboff|desktop\u00bb _builder_version=\u00bb4.27.4&#8243; width=\u00bb100%\u00bb module_alignment=\u00bbcenter\u00bb custom_padding=\u00bb30px|0px|10px|0px|false|true\u00bb custom_padding_tablet=\u00bb30px||||false|true\u00bb border_color_bottom=\u00bb#eaeaea\u00bb global_colors_info=\u00bb{}\u00bb theme_builder_area=\u00bbpost_content\u00bb][et_pb_column type=\u00bb4_4&#8243; _builder_version=\u00bb4.16&#8243; global_colors_info=\u00bb{}\u00bb theme_builder_area=\u00bbpost_content\u00bb][et_pb_text admin_label=\u00bbTexto\u00bb _builder_version=\u00bb4.27.4&#8243; _module_preset=\u00bbdefault\u00bb global_colors_info=\u00bb{}\u00bb theme_builder_area=\u00bbpost_content\u00bb]<\/p>\n<h3>Levi\u2019s<\/h3>\n<p>La historia de Levi\u2019s comienza en 1853, pero solo 20 a\u00f1os despu\u00e9s la compa\u00f1\u00eda introduce los legendarios jeans azules y una forma patentada de asegurar la ropa con remaches.<\/p>\n<p>Su logotipo m\u00e1s ic\u00f3nico es creado en 1892 y todav\u00eda se usa en la actualidad.<\/p>\n<p>Consta de dos hombres con caballos jalando de un pantal\u00f3n de jean en direcci\u00f3n opuesta, demostrando la resistencia y durabilidad de la marca.<\/p>\n<p>Lo interesante de esto es que la ilustraci\u00f3n se agreg\u00f3 debajo de las letras para un mejor reconocimiento, ya que muchas personas en todo Estados Unidos, especialmente en el Lejano Oeste, no pod\u00edan leer en ingl\u00e9s.<\/p>\n<p>La insignia que todos conocemos hoy se presenta en 1969 con un fondo rojo geom\u00e9trico con letras blancas.<\/p>\n<p>Su forma caracter\u00edstica es algo similar a las alas de un murci\u00e9lago, y representa el calce perfecto del jean ajustado al cuerpo.<\/p>\n<p>[\/et_pb_text][et_pb_image src=\u00bbhttps:\/\/www.web4.com.ar\/wp-content\/uploads\/2025\/07\/Levis.png\u00bb alt=\u00bbRestyling logo Levi&#8217;s\u00bb title_text=\u00bbRestyling logo Levi&#8217;s\u00bb align=\u00bbcenter\u00bb disabled_on=\u00bboff|off|off\u00bb admin_label=\u00bbImagen\u00bb _builder_version=\u00bb4.27.4&#8243; _module_preset=\u00bbdefault\u00bb custom_padding=\u00bb40px||40px||true|false\u00bb custom_padding_tablet=\u00bb40px||40px||true|false\u00bb custom_padding_phone=\u00bb25px||25px||true|false\u00bb custom_padding_last_edited=\u00bbon|phone\u00bb locked=\u00bboff\u00bb global_colors_info=\u00bb{}\u00bb theme_builder_area=\u00bbpost_content\u00bb][\/et_pb_image][et_pb_image src=\u00bbhttps:\/\/www.web4.com.ar\/wp-content\/uploads\/2025\/07\/levis-publi.png\u00bb alt=\u00bblevi&#8217;s publicidad\u00bb title_text=\u00bblevi&#8217;s publicidad\u00bb align=\u00bbcenter\u00bb _builder_version=\u00bb4.27.4&#8243; _module_preset=\u00bbdefault\u00bb custom_margin=\u00bb||50px||false|false\u00bb global_colors_info=\u00bb{}\u00bb theme_builder_area=\u00bbpost_content\u00bb][\/et_pb_image][et_pb_button button_url=\u00bb#indice\u00bb button_text=\u00bbVolver al \u00edndice de logos\u00bb button_alignment=\u00bbcenter\u00bb admin_label=\u00bbBoton indice\u00bb _builder_version=\u00bb4.27.4&#8243; _module_preset=\u00bbdefault\u00bb custom_button=\u00bbon\u00bb button_text_size=\u00bb16px\u00bb button_font=\u00bb||||||||\u00bb button_icon=\u00bb&#x3e;||divi||400&#8243; custom_margin=\u00bb||50px||false|false\u00bb button_text_size_tablet=\u00bb14px\u00bb button_text_size_phone=\u00bb12px\u00bb button_text_size_last_edited=\u00bbon|phone\u00bb global_module=\u00bb11556&#8243; saved_tabs=\u00bball\u00bb locked=\u00bboff\u00bb global_colors_info=\u00bb{}\u00bb theme_builder_area=\u00bbpost_content\u00bb][\/et_pb_button][\/et_pb_column][\/et_pb_row][\/et_pb_section][et_pb_section fb_built=\u00bb1&#8243; admin_label=\u00bbLogitech\u00bb module_id=\u00bblogitech\u00bb _builder_version=\u00bb4.27.4&#8243; border_width_bottom=\u00bb3px\u00bb border_color_bottom=\u00bb#F1EBEA\u00bb locked=\u00bboff\u00bb collapsed=\u00bbon\u00bb global_colors_info=\u00bb{}\u00bb theme_builder_area=\u00bbpost_content\u00bb][et_pb_row use_custom_gutter=\u00bbon\u00bb gutter_width=\u00bb4&#8243; custom_padding_last_edited=\u00bboff|desktop\u00bb _builder_version=\u00bb4.27.4&#8243; width=\u00bb100%\u00bb module_alignment=\u00bbcenter\u00bb custom_padding=\u00bb30px|0px|10px|0px|false|true\u00bb custom_padding_tablet=\u00bb30px||||false|true\u00bb border_color_bottom=\u00bb#eaeaea\u00bb global_colors_info=\u00bb{}\u00bb theme_builder_area=\u00bbpost_content\u00bb][et_pb_column type=\u00bb4_4&#8243; _builder_version=\u00bb4.16&#8243; global_colors_info=\u00bb{}\u00bb theme_builder_area=\u00bbpost_content\u00bb][et_pb_text admin_label=\u00bbTexto\u00bb _builder_version=\u00bb4.27.4&#8243; _module_preset=\u00bbdefault\u00bb global_colors_info=\u00bb{}\u00bb theme_builder_area=\u00bbpost_content\u00bb]<\/p>\n<h3>Logitech<\/h3>\n<p>Logitech es una empresa internacional fabricante de software y accesorios para computadoras establecida en Suiza en 1981.<\/p>\n<p>El primer logotipo de Logitech est\u00e1 compuesto por un emblema geom\u00e9trico y una marca denominativa con gruesas letras redondeadas superpuestas entre s\u00ed, con finas l\u00edneas blancas.<\/p>\n<p>El redise\u00f1o de 1985 cambia el logotipo, haci\u00e9ndolo m\u00e1s moderno y elegante.<\/p>\n<p>El emblema m\u00e1s ic\u00f3nico de Logitech se presenta en 1988.<\/p>\n<p>La imagen, inspirada en artistas abstraccionistas como <a href=\"https:\/\/en.wikipedia.org\/wiki\/Joan_Mir%C3%B3\" target=\"_blank\" rel=\"noopener\">Joan Mir\u00f3<\/a>, presenta un ojo negro dibujado a mano con una paleta de colores atractiva y moderna.<\/p>\n<p>El redise\u00f1o de 1997 tiene contornos m\u00e1s suaves y simplificados, pero manteniendo el mismo estilo art\u00edstico.<\/p>\n<p>En 2015 se elimina la parte gr\u00e1fica ic\u00f3nica de la identidad, haciendo de su logotipo el elemento principal.<\/p>\n<p>La marca denominativa en negro se ejecuta en tipograf\u00eda sans-serif en negrita con la letra \u00abG\u00bb dividida en dos partes, que representa una sonrisa.<\/p>\n<p>En ocasiones el logotipo va acompa\u00f1ado de una letra estilizada abstracta \u201cG\u201d en celeste, que consiste en un arco colocado verticalmente y una figura angular.<\/p>\n<p>[\/et_pb_text][et_pb_image src=\u00bbhttps:\/\/www.web4.com.ar\/wp-content\/uploads\/2025\/07\/Logitech.png\u00bb alt=\u00bbRestyling logo Logitech\u00bb title_text=\u00bbRestyling logo Logitech\u00bb align=\u00bbcenter\u00bb disabled_on=\u00bboff|off|off\u00bb admin_label=\u00bbImagen\u00bb _builder_version=\u00bb4.27.4&#8243; _module_preset=\u00bbdefault\u00bb custom_padding=\u00bb40px||40px||true|false\u00bb custom_padding_tablet=\u00bb40px||40px||true|false\u00bb custom_padding_phone=\u00bb25px||25px||true|false\u00bb custom_padding_last_edited=\u00bbon|phone\u00bb locked=\u00bboff\u00bb global_colors_info=\u00bb{}\u00bb theme_builder_area=\u00bbpost_content\u00bb][\/et_pb_image][et_pb_image src=\u00bbhttps:\/\/www.web4.com.ar\/wp-content\/uploads\/2025\/07\/logitech-publi.png\u00bb alt=\u00bblogitech publicidad\u00bb title_text=\u00bblogitech publicidad\u00bb align=\u00bbcenter\u00bb _builder_version=\u00bb4.27.4&#8243; _module_preset=\u00bbdefault\u00bb custom_margin=\u00bb||50px||false|false\u00bb global_colors_info=\u00bb{}\u00bb theme_builder_area=\u00bbpost_content\u00bb][\/et_pb_image][et_pb_button button_url=\u00bb#indice\u00bb button_text=\u00bbVolver al \u00edndice de logos\u00bb button_alignment=\u00bbcenter\u00bb admin_label=\u00bbBoton indice\u00bb _builder_version=\u00bb4.27.4&#8243; _module_preset=\u00bbdefault\u00bb custom_button=\u00bbon\u00bb button_text_size=\u00bb16px\u00bb button_font=\u00bb||||||||\u00bb button_icon=\u00bb&#x3e;||divi||400&#8243; custom_margin=\u00bb||50px||false|false\u00bb button_text_size_tablet=\u00bb14px\u00bb button_text_size_phone=\u00bb12px\u00bb button_text_size_last_edited=\u00bbon|phone\u00bb global_module=\u00bb11556&#8243; saved_tabs=\u00bball\u00bb locked=\u00bboff\u00bb global_colors_info=\u00bb{}\u00bb theme_builder_area=\u00bbpost_content\u00bb][\/et_pb_button][\/et_pb_column][\/et_pb_row][\/et_pb_section][et_pb_section fb_built=\u00bb1&#8243; admin_label=\u00bbMc Donald&#8217;s\u00bb module_id=\u00bbmcdonalds\u00bb _builder_version=\u00bb4.27.4&#8243; border_width_bottom=\u00bb3px\u00bb border_color_bottom=\u00bb#F1EBEA\u00bb locked=\u00bboff\u00bb collapsed=\u00bbon\u00bb global_colors_info=\u00bb{}\u00bb theme_builder_area=\u00bbpost_content\u00bb][et_pb_row use_custom_gutter=\u00bbon\u00bb gutter_width=\u00bb4&#8243; custom_padding_last_edited=\u00bboff|desktop\u00bb _builder_version=\u00bb4.27.4&#8243; width=\u00bb100%\u00bb module_alignment=\u00bbcenter\u00bb custom_padding=\u00bb30px|0px|10px|0px|false|true\u00bb custom_padding_tablet=\u00bb30px||||false|true\u00bb border_color_bottom=\u00bb#eaeaea\u00bb global_colors_info=\u00bb{}\u00bb theme_builder_area=\u00bbpost_content\u00bb][et_pb_column type=\u00bb4_4&#8243; _builder_version=\u00bb4.16&#8243; global_colors_info=\u00bb{}\u00bb theme_builder_area=\u00bbpost_content\u00bb][et_pb_text admin_label=\u00bbTexto\u00bb _builder_version=\u00bb4.27.4&#8243; _module_preset=\u00bbdefault\u00bb global_colors_info=\u00bb{}\u00bb theme_builder_area=\u00bbpost_content\u00bb]<\/p>\n<h3>McDonald\u2019s<\/h3>\n<p>McDonald\u2019s no es solo una cadena de restaurantes de comida r\u00e1pida, sino una marca verdaderamente legendaria, que representa a toda una generaci\u00f3n.<\/p>\n<p>Su logotipo con una <em>\u201cM\u201d<\/em> arqueada en oro sobre un fondo rojo brillante es una de las insignias m\u00e1s reconocibles en la historia del marketing.<\/p>\n<p>La empresa nace en 1940 bajo el nombre a <em>\u00abMcDonald\u2019s Famous Barbecue\u00bb.<\/em><\/p>\n<p>En 1953 la compa\u00f1\u00eda finalmente cambia su nombre a simplemente <em>McDonald\u2019s<\/em> y aqu\u00ed es donde comienza todo.<\/p>\n<p>El logo a\u00fan est\u00e1 lejos de lo que todos conocemos hoy, pero el color rojo aparecie en la paleta de colores, dando la direcci\u00f3n correcta para la marca.<\/p>\n<p>En 1961 <a href=\"https:\/\/en.wikipedia.org\/wiki\/Stanley_Clark_Meston\" target=\"_blank\" rel=\"noopener\">Stanley Meston<\/a> crea el emblema que todo el mundo conoce hoy.<\/p>\n<p>El ic\u00f3nico logo <em>Golden Arches<\/em> se inspir\u00f3 en la arquitectura de los restaurantes de la primera empresa, espec\u00edficamente en sus techos.<\/p>\n<p>Es por eso que hay una l\u00ednea diagonal que atraviesa los arcos en la primera versi\u00f3n del logotipo.<\/p>\n<p>El logotipo se simplifica en 1968 eliminando la l\u00ednea diagonal y acortando los extremos interiores de los arcos, lo que los hizo parecer m\u00e1s una letra \u201cM\u201d.<\/p>\n<p>En 1975 el emblema con la marca denominativa se coloca dentro de un rect\u00e1ngulo rojo con \u00e1ngulos redondeados y las letras en blanco.<\/p>\n<p>Esta insignia es probablemente la versi\u00f3n m\u00e1s reconocible de todos los logotipos de empresas de comida r\u00e1pida.<\/p>\n<p>La compa\u00f1\u00eda todav\u00eda la usa, siendo reconocible instant\u00e1neamente en todo el mundo y evocando una sensaci\u00f3n de alegr\u00eda, felicidad y pasi\u00f3n.<\/p>\n<p>[\/et_pb_text][et_pb_image src=\u00bbhttps:\/\/www.web4.com.ar\/wp-content\/uploads\/2025\/07\/Mc-Donalds.png\u00bb alt=\u00bbRestyling logo Mc Donald&#8217;s\u00bb title_text=\u00bbRestyling logo Mc Donald&#8217;s\u00bb align=\u00bbcenter\u00bb disabled_on=\u00bboff|off|off\u00bb admin_label=\u00bbImagen\u00bb _builder_version=\u00bb4.27.4&#8243; _module_preset=\u00bbdefault\u00bb custom_padding=\u00bb40px||40px||true|false\u00bb custom_padding_tablet=\u00bb40px||40px||true|false\u00bb custom_padding_phone=\u00bb25px||25px||true|false\u00bb custom_padding_last_edited=\u00bbon|phone\u00bb locked=\u00bboff\u00bb global_colors_info=\u00bb{}\u00bb theme_builder_area=\u00bbpost_content\u00bb][\/et_pb_image][et_pb_image src=\u00bbhttps:\/\/www.web4.com.ar\/wp-content\/uploads\/2025\/07\/Mcdonalds-publi.png\u00bb alt=\u00bblogitech publicidad\u00bb title_text=\u00bbMcdonalds publicidad\u00bb align=\u00bbcenter\u00bb _builder_version=\u00bb4.27.4&#8243; _module_preset=\u00bbdefault\u00bb custom_margin=\u00bb||50px||false|false\u00bb global_colors_info=\u00bb{}\u00bb theme_builder_area=\u00bbpost_content\u00bb][\/et_pb_image][et_pb_button button_url=\u00bb#indice\u00bb button_text=\u00bbVolver al \u00edndice de logos\u00bb button_alignment=\u00bbcenter\u00bb admin_label=\u00bbBoton indice\u00bb _builder_version=\u00bb4.27.4&#8243; _module_preset=\u00bbdefault\u00bb custom_button=\u00bbon\u00bb button_text_size=\u00bb16px\u00bb button_font=\u00bb||||||||\u00bb button_icon=\u00bb&#x3e;||divi||400&#8243; custom_margin=\u00bb||50px||false|false\u00bb button_text_size_tablet=\u00bb14px\u00bb button_text_size_phone=\u00bb12px\u00bb button_text_size_last_edited=\u00bbon|phone\u00bb global_module=\u00bb11556&#8243; saved_tabs=\u00bball\u00bb locked=\u00bboff\u00bb global_colors_info=\u00bb{}\u00bb theme_builder_area=\u00bbpost_content\u00bb][\/et_pb_button][\/et_pb_column][\/et_pb_row][\/et_pb_section][et_pb_section fb_built=\u00bb1&#8243; admin_label=\u00bbMercedes Benz\u00bb module_id=\u00bbmercedes_benz\u00bb _builder_version=\u00bb4.27.4&#8243; border_width_bottom=\u00bb3px\u00bb border_color_bottom=\u00bb#F1EBEA\u00bb locked=\u00bboff\u00bb collapsed=\u00bbon\u00bb global_colors_info=\u00bb{}\u00bb theme_builder_area=\u00bbpost_content\u00bb][et_pb_row use_custom_gutter=\u00bbon\u00bb gutter_width=\u00bb4&#8243; custom_padding_last_edited=\u00bboff|desktop\u00bb _builder_version=\u00bb4.27.4&#8243; width=\u00bb100%\u00bb module_alignment=\u00bbcenter\u00bb custom_padding=\u00bb30px|0px|10px|0px|false|true\u00bb custom_padding_tablet=\u00bb30px||||false|true\u00bb border_color_bottom=\u00bb#eaeaea\u00bb global_colors_info=\u00bb{}\u00bb theme_builder_area=\u00bbpost_content\u00bb][et_pb_column type=\u00bb4_4&#8243; _builder_version=\u00bb4.16&#8243; global_colors_info=\u00bb{}\u00bb theme_builder_area=\u00bbpost_content\u00bb][et_pb_text admin_label=\u00bbTexto\u00bb _builder_version=\u00bb4.27.4&#8243; _module_preset=\u00bbdefault\u00bb global_colors_info=\u00bb{}\u00bb theme_builder_area=\u00bbpost_content\u00bb]<\/p>\n<h3>Mercedes Benz<\/h3>\n<p>Apenas hay una insignia de autom\u00f3vil, que es m\u00e1s reconocible que el emblema de Mercedes-Benz.<\/p>\n<p>La estrella de tres puntas de Mercedes-Benz en un marco circular fue adoptada como emblema principal de la empresa en 1916<\/p>\n<p>Desde entonces, solo ha refinado ligeramente sus contornos.<\/p>\n<p>El emblema fue dise\u00f1ado por los due\u00f1os de la marca, <a href=\"https:\/\/en.wikipedia.org\/wiki\/Adolf_Daimler\" target=\"_blank\" rel=\"noopener\">Adolf<\/a> y<a href=\"https:\/\/en.wikipedia.org\/wiki\/Paul_Daimler\" target=\"_blank\" rel=\"noopener\"> Paul Daimler<\/a>, quienes se inspiraron en una imagen de la postal que recibieron de su padre, Gottlieb Daimler, a principios de la d\u00e9cada de 1870.<\/p>\n<p>Este emblema tiene un significado para la empresa: motorizar el mundo entero en tierra, agua y aire. Tres direcciones, tres puntos, tres objetivos.<\/p>\n<p>[\/et_pb_text][et_pb_image src=\u00bbhttps:\/\/www.web4.com.ar\/wp-content\/uploads\/2025\/07\/Mercedes-Benz.png\u00bb alt=\u00bbRestyling logo Mercedes Benz\u00bb title_text=\u00bbRestyling logo Mercedes Benz\u00bb align=\u00bbcenter\u00bb disabled_on=\u00bboff|off|off\u00bb admin_label=\u00bbImagen\u00bb _builder_version=\u00bb4.27.4&#8243; _module_preset=\u00bbdefault\u00bb custom_padding=\u00bb40px||40px||true|false\u00bb custom_padding_tablet=\u00bb40px||40px||true|false\u00bb custom_padding_phone=\u00bb25px||25px||true|false\u00bb custom_padding_last_edited=\u00bbon|phone\u00bb locked=\u00bboff\u00bb global_colors_info=\u00bb{}\u00bb theme_builder_area=\u00bbpost_content\u00bb][\/et_pb_image][et_pb_image src=\u00bbhttps:\/\/www.web4.com.ar\/wp-content\/uploads\/2025\/07\/mercedes-benz-publi.png\u00bb alt=\u00bbmercedes benz publicidad\u00bb title_text=\u00bbmercedes benz publicidad\u00bb align=\u00bbcenter\u00bb _builder_version=\u00bb4.27.4&#8243; _module_preset=\u00bbdefault\u00bb custom_margin=\u00bb||50px||false|false\u00bb global_colors_info=\u00bb{}\u00bb theme_builder_area=\u00bbpost_content\u00bb][\/et_pb_image][et_pb_button button_url=\u00bb#indice\u00bb button_text=\u00bbVolver al \u00edndice de logos\u00bb button_alignment=\u00bbcenter\u00bb admin_label=\u00bbBoton indice\u00bb _builder_version=\u00bb4.27.4&#8243; _module_preset=\u00bbdefault\u00bb custom_button=\u00bbon\u00bb button_text_size=\u00bb16px\u00bb button_font=\u00bb||||||||\u00bb button_icon=\u00bb&#x3e;||divi||400&#8243; custom_margin=\u00bb||50px||false|false\u00bb button_text_size_tablet=\u00bb14px\u00bb button_text_size_phone=\u00bb12px\u00bb button_text_size_last_edited=\u00bbon|phone\u00bb global_module=\u00bb11556&#8243; saved_tabs=\u00bball\u00bb locked=\u00bboff\u00bb global_colors_info=\u00bb{}\u00bb theme_builder_area=\u00bbpost_content\u00bb][\/et_pb_button][\/et_pb_column][\/et_pb_row][\/et_pb_section][et_pb_section fb_built=\u00bb1&#8243; admin_label=\u00bbMicrosoft\u00bb module_id=\u00bbmicrosoft\u00bb _builder_version=\u00bb4.27.4&#8243; border_width_bottom=\u00bb3px\u00bb border_color_bottom=\u00bb#F1EBEA\u00bb locked=\u00bboff\u00bb collapsed=\u00bbon\u00bb global_colors_info=\u00bb{}\u00bb theme_builder_area=\u00bbpost_content\u00bb][et_pb_row use_custom_gutter=\u00bbon\u00bb gutter_width=\u00bb4&#8243; custom_padding_last_edited=\u00bboff|desktop\u00bb _builder_version=\u00bb4.27.4&#8243; width=\u00bb100%\u00bb module_alignment=\u00bbcenter\u00bb custom_padding=\u00bb30px|0px|10px|0px|false|true\u00bb custom_padding_tablet=\u00bb30px||||false|true\u00bb border_color_bottom=\u00bb#eaeaea\u00bb global_colors_info=\u00bb{}\u00bb theme_builder_area=\u00bbpost_content\u00bb][et_pb_column type=\u00bb4_4&#8243; _builder_version=\u00bb4.16&#8243; global_colors_info=\u00bb{}\u00bb theme_builder_area=\u00bbpost_content\u00bb][et_pb_text admin_label=\u00bbTexto\u00bb _builder_version=\u00bb4.27.4&#8243; _module_preset=\u00bbdefault\u00bb global_colors_info=\u00bb{}\u00bb theme_builder_area=\u00bbpost_content\u00bb]<\/p>\n<h3>Microsoft<\/h3>\n<p>Microsoft nace en 1972 y es la mayor empresa de software y perif\u00e9ricos inform\u00e1ticos<em>, bajo el nombre de\u00a0Traf-O-Data<\/em>.<\/p>\n<p>En 1975 la empresa pasa a llamarse <em>Microsoft<\/em> y el primer logotipo oficial es dise\u00f1ado por Simon Daniels.<\/p>\n<p>Se trata de un logotipo monocrom\u00e1tico donde todas las letras may\u00fasculas est\u00e1n formadas por numerosas l\u00edneas finas en blanco y negro.<\/p>\n<p>En 1980, el mismo Simon Daniels redise\u00f1a de nuevo el logotipo de Microsoft y cambia el tipo de letra de la inscripci\u00f3n por una m\u00e1s n\u00edtida y moderna.<\/p>\n<p>El logo ic\u00f3nico de Microsoft que casi todos recordamos es dise\u00f1ado por Scott Baker en 1987 y permanece casi sin cambios durante 24 a\u00f1os.<\/p>\n<p>La marca denominativa tiene un elemento \u00fanico: un corte triangular blanco en la letra \u201cO\u201d, que tiene como objetivo separar \u201cMicro\u201d de \u201cSoft \u201dy hacer que la gente mire el nombre de la empresa desde un nuevo \u00e1ngulo.<\/p>\n<p>En 2012 Microsoft inicia un cambio de marca importante de su identidad visual corporativa.<\/p>\n<p>El nuevo logo es dise\u00f1ado por Jason Wells y presenta un \u00edcono geom\u00e9trico, donde cuatro peque\u00f1os cuadrados coloridos forman uno m\u00e1s grande, remitiendo a Windows.<\/p>\n<p>[\/et_pb_text][et_pb_image src=\u00bbhttps:\/\/www.web4.com.ar\/wp-content\/uploads\/2025\/07\/Microsoft-2.png\u00bb alt=\u00bbRestyling logo Microsoft\u00bb title_text=\u00bbRestyling logo Microsoft\u00bb align=\u00bbcenter\u00bb disabled_on=\u00bboff|off|off\u00bb admin_label=\u00bbImagen\u00bb _builder_version=\u00bb4.27.4&#8243; _module_preset=\u00bbdefault\u00bb custom_padding=\u00bb40px||40px||true|false\u00bb custom_padding_tablet=\u00bb40px||40px||true|false\u00bb custom_padding_phone=\u00bb25px||25px||true|false\u00bb custom_padding_last_edited=\u00bbon|phone\u00bb locked=\u00bboff\u00bb global_colors_info=\u00bb{}\u00bb theme_builder_area=\u00bbpost_content\u00bb][\/et_pb_image][et_pb_image src=\u00bbhttps:\/\/www.web4.com.ar\/wp-content\/uploads\/2025\/07\/microsoft-publi.png\u00bb alt=\u00bbmicrosoft publicidad\u00bb title_text=\u00bbmicrosoft publicidad\u00bb align=\u00bbcenter\u00bb _builder_version=\u00bb4.27.4&#8243; _module_preset=\u00bbdefault\u00bb custom_margin=\u00bb||50px||false|false\u00bb global_colors_info=\u00bb{}\u00bb theme_builder_area=\u00bbpost_content\u00bb][\/et_pb_image][et_pb_button button_url=\u00bb#indice\u00bb button_text=\u00bbVolver al \u00edndice de logos\u00bb button_alignment=\u00bbcenter\u00bb admin_label=\u00bbBoton indice\u00bb _builder_version=\u00bb4.27.4&#8243; _module_preset=\u00bbdefault\u00bb custom_button=\u00bbon\u00bb button_text_size=\u00bb16px\u00bb button_font=\u00bb||||||||\u00bb button_icon=\u00bb&#x3e;||divi||400&#8243; custom_margin=\u00bb||50px||false|false\u00bb button_text_size_tablet=\u00bb14px\u00bb button_text_size_phone=\u00bb12px\u00bb button_text_size_last_edited=\u00bbon|phone\u00bb global_module=\u00bb11556&#8243; saved_tabs=\u00bball\u00bb locked=\u00bboff\u00bb global_colors_info=\u00bb{}\u00bb theme_builder_area=\u00bbpost_content\u00bb][\/et_pb_button][\/et_pb_column][\/et_pb_row][\/et_pb_section][et_pb_section fb_built=\u00bb1&#8243; admin_label=\u00bbMirinda\u00bb module_id=\u00bbmirinda\u00bb _builder_version=\u00bb4.27.4&#8243; border_width_bottom=\u00bb3px\u00bb border_color_bottom=\u00bb#F1EBEA\u00bb locked=\u00bboff\u00bb collapsed=\u00bbon\u00bb global_colors_info=\u00bb{}\u00bb theme_builder_area=\u00bbpost_content\u00bb][et_pb_row use_custom_gutter=\u00bbon\u00bb gutter_width=\u00bb4&#8243; custom_padding_last_edited=\u00bboff|desktop\u00bb _builder_version=\u00bb4.27.4&#8243; width=\u00bb100%\u00bb module_alignment=\u00bbcenter\u00bb custom_padding=\u00bb30px|0px|10px|0px|false|true\u00bb custom_padding_tablet=\u00bb30px||||false|true\u00bb border_color_bottom=\u00bb#eaeaea\u00bb global_colors_info=\u00bb{}\u00bb theme_builder_area=\u00bbpost_content\u00bb][et_pb_column type=\u00bb4_4&#8243; _builder_version=\u00bb4.16&#8243; global_colors_info=\u00bb{}\u00bb theme_builder_area=\u00bbpost_content\u00bb][et_pb_text admin_label=\u00bbTexto\u00bb _builder_version=\u00bb4.27.4&#8243; _module_preset=\u00bbdefault\u00bb global_colors_info=\u00bb{}\u00bb theme_builder_area=\u00bbpost_content\u00bb]<\/p>\n<h3>Mirinda<\/h3>\n<p>Mirinda es el nombre de uno de los refrescos m\u00e1s conocidos de PepsiCo.<\/p>\n<p>La marca nace en Espa\u00f1a en 1959 y fue una gran representaci\u00f3n de la industria local de la naranja.<\/p>\n<p>Despu\u00e9s de que Mirinda fuera adquirida por Pepsi, gana popularidad mundial y hoy est\u00e1 disponible en varios sabores.<\/p>\n<p>El primer logotipo de Mirinda se crea en 1959 y permanece con la marca durante m\u00e1s de diez a\u00f1os.<\/p>\n<p>Un emblema verde brillante que representa una letra masiva estilizada \u00abM\u00bb en doble contorno verde y blanco contiene la denominaci\u00f3n en blanco.<\/p>\n<p>A partir de 1970 la marca quiere demostrar el concepto de naranja en su logo y la relaci\u00f3n directa con ducho fruto, pasando por m\u00faltiples redise\u00f1os durante los a\u00f1os siguientes.<\/p>\n<p>En 2017, la identidad visual de Mirinda presenta solo un estilizado logotipo verde sobre un fondo blanco, que se puede cambiar a naranja seg\u00fan las necesidades.<\/p>\n<p>En 2023, la compa\u00f1\u00eda presenta una actualizaci\u00f3n divertida en forma de una inicial colorida en el fondo, con ciertas reminiscencias de su primer logotipo.<\/p>\n<p>[\/et_pb_text][et_pb_image src=\u00bbhttps:\/\/www.web4.com.ar\/wp-content\/uploads\/2025\/07\/Mirinda.png\u00bb alt=\u00bbRestyling logo Mirinda\u00bb title_text=\u00bbRestyling logo Mirinda\u00bb align=\u00bbcenter\u00bb disabled_on=\u00bboff|off|off\u00bb admin_label=\u00bbImagen\u00bb _builder_version=\u00bb4.27.4&#8243; _module_preset=\u00bbdefault\u00bb custom_padding=\u00bb40px||40px||true|false\u00bb custom_padding_tablet=\u00bb40px||40px||true|false\u00bb custom_padding_phone=\u00bb25px||25px||true|false\u00bb custom_padding_last_edited=\u00bbon|phone\u00bb locked=\u00bboff\u00bb global_colors_info=\u00bb{}\u00bb theme_builder_area=\u00bbpost_content\u00bb][\/et_pb_image][et_pb_image src=\u00bbhttps:\/\/www.web4.com.ar\/wp-content\/uploads\/2025\/07\/mirinda-publi.png\u00bb alt=\u00bbmirinda publicidad\u00bb title_text=\u00bbmirinda publicidad\u00bb align=\u00bbcenter\u00bb _builder_version=\u00bb4.27.4&#8243; _module_preset=\u00bbdefault\u00bb custom_margin=\u00bb||50px||false|false\u00bb global_colors_info=\u00bb{}\u00bb theme_builder_area=\u00bbpost_content\u00bb][\/et_pb_image][et_pb_button button_url=\u00bb#indice\u00bb button_text=\u00bbVolver al \u00edndice de logos\u00bb button_alignment=\u00bbcenter\u00bb admin_label=\u00bbBoton indice\u00bb _builder_version=\u00bb4.27.4&#8243; _module_preset=\u00bbdefault\u00bb custom_button=\u00bbon\u00bb button_text_size=\u00bb16px\u00bb button_font=\u00bb||||||||\u00bb button_icon=\u00bb&#x3e;||divi||400&#8243; custom_margin=\u00bb||50px||false|false\u00bb button_text_size_tablet=\u00bb14px\u00bb button_text_size_phone=\u00bb12px\u00bb button_text_size_last_edited=\u00bbon|phone\u00bb global_module=\u00bb11556&#8243; saved_tabs=\u00bball\u00bb locked=\u00bboff\u00bb global_colors_info=\u00bb{}\u00bb theme_builder_area=\u00bbpost_content\u00bb][\/et_pb_button][\/et_pb_column][\/et_pb_row][\/et_pb_section][et_pb_section fb_built=\u00bb1&#8243; admin_label=\u00bbNetflix\u00bb module_id=\u00bbnetflix\u00bb _builder_version=\u00bb4.27.4&#8243; border_width_bottom=\u00bb3px\u00bb border_color_bottom=\u00bb#F1EBEA\u00bb locked=\u00bboff\u00bb collapsed=\u00bbon\u00bb global_colors_info=\u00bb{}\u00bb theme_builder_area=\u00bbpost_content\u00bb][et_pb_row use_custom_gutter=\u00bbon\u00bb gutter_width=\u00bb4&#8243; custom_padding_last_edited=\u00bboff|desktop\u00bb _builder_version=\u00bb4.27.4&#8243; width=\u00bb100%\u00bb module_alignment=\u00bbcenter\u00bb custom_padding=\u00bb30px|0px|10px|0px|false|true\u00bb custom_padding_tablet=\u00bb30px||||false|true\u00bb border_color_bottom=\u00bb#eaeaea\u00bb global_colors_info=\u00bb{}\u00bb theme_builder_area=\u00bbpost_content\u00bb][et_pb_column type=\u00bb4_4&#8243; _builder_version=\u00bb4.16&#8243; global_colors_info=\u00bb{}\u00bb theme_builder_area=\u00bbpost_content\u00bb][et_pb_text admin_label=\u00bbTexto\u00bb _builder_version=\u00bb4.27.4&#8243; _module_preset=\u00bbdefault\u00bb global_colors_info=\u00bb{}\u00bb theme_builder_area=\u00bbpost_content\u00bb]<\/p>\n<h3>Netflix<\/h3>\n<p>Netflix es uno de los servicios de streaming m\u00e1s populares del mundo.<\/p>\n<p>El primer logotipo de Netflix creado en 1997 presenta el nombre del sitio web con una pel\u00edcula de celuloide separando los caracteres \u00abT\u00bb y \u00abF\u00bb.<\/p>\n<p>En 2000, Netflix presenta una nueva versi\u00f3n del logotipo, que solo permanece en la empresa durante unos meses.<\/p>\n<p>A partir de a\u00f1o 2001 adopta el dise\u00f1o y paleta de colores que se mantiene hasta el presente, pasando solamente por algunos cambios muy sutiles.<\/p>\n<p>En 2016 Netflix presenta un nuevo emblema que consiste en una \u00abN\u00bb solitaria.<\/p>\n<p>No es un reemplazo para la marca actual, sino una alternativa de peque\u00f1o tama\u00f1o a modo de avatar para aplicaciones m\u00f3viles y redes sociales.<\/p>\n<p>[\/et_pb_text][et_pb_image src=\u00bbhttps:\/\/www.web4.com.ar\/wp-content\/uploads\/2025\/07\/Netflix.png\u00bb alt=\u00bbRestyling logo Netflix\u00bb title_text=\u00bbRestyling logo Netflix\u00bb align=\u00bbcenter\u00bb disabled_on=\u00bboff|off|off\u00bb admin_label=\u00bbImagen\u00bb _builder_version=\u00bb4.27.4&#8243; _module_preset=\u00bbdefault\u00bb custom_padding=\u00bb40px||40px||true|false\u00bb custom_padding_tablet=\u00bb40px||40px||true|false\u00bb custom_padding_phone=\u00bb25px||25px||true|false\u00bb custom_padding_last_edited=\u00bbon|phone\u00bb locked=\u00bboff\u00bb global_colors_info=\u00bb{}\u00bb theme_builder_area=\u00bbpost_content\u00bb][\/et_pb_image][et_pb_image src=\u00bbhttps:\/\/www.web4.com.ar\/wp-content\/uploads\/2025\/07\/netflix-publi.png\u00bb alt=\u00bbnetflix publicidad\u00bb title_text=\u00bbnetflix publicidad\u00bb align=\u00bbcenter\u00bb _builder_version=\u00bb4.27.4&#8243; _module_preset=\u00bbdefault\u00bb custom_margin=\u00bb||50px||false|false\u00bb global_colors_info=\u00bb{}\u00bb theme_builder_area=\u00bbpost_content\u00bb][\/et_pb_image][et_pb_button button_url=\u00bb#indice\u00bb button_text=\u00bbVolver al \u00edndice de logos\u00bb button_alignment=\u00bbcenter\u00bb admin_label=\u00bbBoton indice\u00bb _builder_version=\u00bb4.27.4&#8243; _module_preset=\u00bbdefault\u00bb custom_button=\u00bbon\u00bb button_text_size=\u00bb16px\u00bb button_font=\u00bb||||||||\u00bb button_icon=\u00bb&#x3e;||divi||400&#8243; custom_margin=\u00bb||50px||false|false\u00bb button_text_size_tablet=\u00bb14px\u00bb button_text_size_phone=\u00bb12px\u00bb button_text_size_last_edited=\u00bbon|phone\u00bb global_module=\u00bb11556&#8243; saved_tabs=\u00bball\u00bb locked=\u00bboff\u00bb global_colors_info=\u00bb{}\u00bb theme_builder_area=\u00bbpost_content\u00bb][\/et_pb_button][\/et_pb_column][\/et_pb_row][\/et_pb_section][et_pb_section fb_built=\u00bb1&#8243; admin_label=\u00bbPepsi\u00bb module_id=\u00bbpepsi\u00bb _builder_version=\u00bb4.27.4&#8243; border_width_bottom=\u00bb3px\u00bb border_color_bottom=\u00bb#F1EBEA\u00bb locked=\u00bboff\u00bb collapsed=\u00bbon\u00bb global_colors_info=\u00bb{}\u00bb theme_builder_area=\u00bbpost_content\u00bb][et_pb_row use_custom_gutter=\u00bbon\u00bb gutter_width=\u00bb4&#8243; custom_padding_last_edited=\u00bboff|desktop\u00bb _builder_version=\u00bb4.27.4&#8243; width=\u00bb100%\u00bb module_alignment=\u00bbcenter\u00bb custom_padding=\u00bb30px|0px|10px|0px|false|true\u00bb custom_padding_tablet=\u00bb30px||||false|true\u00bb border_color_bottom=\u00bb#eaeaea\u00bb global_colors_info=\u00bb{}\u00bb theme_builder_area=\u00bbpost_content\u00bb][et_pb_column type=\u00bb4_4&#8243; _builder_version=\u00bb4.16&#8243; global_colors_info=\u00bb{}\u00bb theme_builder_area=\u00bbpost_content\u00bb][et_pb_text admin_label=\u00bbTexto\u00bb _builder_version=\u00bb4.27.4&#8243; _module_preset=\u00bbdefault\u00bb global_colors_info=\u00bb{}\u00bb theme_builder_area=\u00bbpost_content\u00bb]<\/p>\n<h3>Pepsi<\/h3>\n<p>El dise\u00f1o de 2023 se inspira en los 125 a\u00f1os de historia de Pepsi, buscando un equilibrio entre lo cl\u00e1sico y lo contempor\u00e1neo.<\/p>\n<p>Se consider\u00f3 la participaci\u00f3n de la comunidad, donde muchos dibujaron el logo con el nombre dentro del globo, lo que llev\u00f3 a Pepsi a recuperar esta caracter\u00edstica.<\/p>\n<p>El objetivo era crear una imagen que fuera reconocible, atemporal y que conectara con las nuevas generaciones, prepar\u00e1ndola para el futuro.<\/p>\n<p>El nuevo dise\u00f1o fusiona el globo de Pepsi y la marca denominativa, incorporando azul el\u00e9ctrico y negro para mayor contraste y dinamismo.<\/p>\n<p>Se ha creado una nueva tipograf\u00eda personalizada volviendo a colocar el nombre de la marca dentro del globo, evocando versiones cl\u00e1sicas del logo.<\/p>\n<p>Este mantiene sus cl\u00e1sicas franjas roja, blanca y azul, pero con un ligero cambio en su aspecto que recuerda a su imagen de los 90\u2019s.<\/p>\n<p>[\/et_pb_text][et_pb_image src=\u00bbhttps:\/\/www.web4.com.ar\/wp-content\/uploads\/2025\/08\/Pepsi.png\u00bb alt=\u00bbPepsi\u00bb title_text=\u00bbPepsi\u00bb align=\u00bbcenter\u00bb disabled_on=\u00bboff|off|off\u00bb admin_label=\u00bbImagen\u00bb _builder_version=\u00bb4.27.4&#8243; _module_preset=\u00bbdefault\u00bb custom_padding=\u00bb40px||40px||true|false\u00bb custom_padding_tablet=\u00bb40px||40px||true|false\u00bb custom_padding_phone=\u00bb25px||25px||true|false\u00bb custom_padding_last_edited=\u00bbon|phone\u00bb locked=\u00bboff\u00bb global_colors_info=\u00bb{}\u00bb theme_builder_area=\u00bbpost_content\u00bb][\/et_pb_image][et_pb_image src=\u00bbhttps:\/\/www.web4.com.ar\/wp-content\/uploads\/2025\/07\/pepsi-publi.png\u00bb alt=\u00bbpepsi publicidad\u00bb title_text=\u00bbpepsi publicidad\u00bb align=\u00bbcenter\u00bb _builder_version=\u00bb4.27.4&#8243; _module_preset=\u00bbdefault\u00bb custom_margin=\u00bb||50px||false|false\u00bb global_colors_info=\u00bb{}\u00bb theme_builder_area=\u00bbpost_content\u00bb][\/et_pb_image][et_pb_button button_url=\u00bb#indice\u00bb button_text=\u00bbVolver al \u00edndice de logos\u00bb button_alignment=\u00bbcenter\u00bb admin_label=\u00bbBoton indice\u00bb _builder_version=\u00bb4.27.4&#8243; _module_preset=\u00bbdefault\u00bb custom_button=\u00bbon\u00bb button_text_size=\u00bb16px\u00bb button_font=\u00bb||||||||\u00bb button_icon=\u00bb&#x3e;||divi||400&#8243; custom_margin=\u00bb||50px||false|false\u00bb button_text_size_tablet=\u00bb14px\u00bb button_text_size_phone=\u00bb12px\u00bb button_text_size_last_edited=\u00bbon|phone\u00bb global_module=\u00bb11556&#8243; saved_tabs=\u00bball\u00bb locked=\u00bboff\u00bb global_colors_info=\u00bb{}\u00bb theme_builder_area=\u00bbpost_content\u00bb][\/et_pb_button][\/et_pb_column][\/et_pb_row][\/et_pb_section][et_pb_section fb_built=\u00bb1&#8243; admin_label=\u00bbPeugeot\u00bb module_id=\u00bbpeugeot\u00bb _builder_version=\u00bb4.27.4&#8243; border_width_bottom=\u00bb3px\u00bb border_color_bottom=\u00bb#F1EBEA\u00bb locked=\u00bboff\u00bb collapsed=\u00bbon\u00bb global_colors_info=\u00bb{}\u00bb theme_builder_area=\u00bbpost_content\u00bb][et_pb_row use_custom_gutter=\u00bbon\u00bb gutter_width=\u00bb4&#8243; custom_padding_last_edited=\u00bboff|desktop\u00bb _builder_version=\u00bb4.27.4&#8243; width=\u00bb100%\u00bb module_alignment=\u00bbcenter\u00bb custom_padding=\u00bb30px|0px|10px|0px|false|true\u00bb custom_padding_tablet=\u00bb30px||||false|true\u00bb border_color_bottom=\u00bb#eaeaea\u00bb global_colors_info=\u00bb{}\u00bb theme_builder_area=\u00bbpost_content\u00bb][et_pb_column type=\u00bb4_4&#8243; _builder_version=\u00bb4.16&#8243; global_colors_info=\u00bb{}\u00bb theme_builder_area=\u00bbpost_content\u00bb][et_pb_text admin_label=\u00bbTexto\u00bb _builder_version=\u00bb4.27.4&#8243; _module_preset=\u00bbdefault\u00bb global_colors_info=\u00bb{}\u00bb theme_builder_area=\u00bbpost_content\u00bb]<\/p>\n<h3>Peugeot<\/h3>\n<p>Peugeot es una marca francesa de fabricantes de autom\u00f3viles, fundada en 1810 por Emile Peugeot.<\/p>\n<p>El logotipo de Peugeot se remonta a 1847, lo que lo convierte en el emblema de autom\u00f3vil m\u00e1s antiguo del mundo.<\/p>\n<p>La idea del le\u00f3n como s\u00edmbolo de marca nace a mediados del siglo XIX, cuando la empresa sider\u00fargica de la familia Peugeot necesitaba un logotipo que reflejara la actividad y la fuerza de la empresa.<\/p>\n<p>El logo de Peugeot tuvo numerosos cambios durante su historia, pero el le\u00f3n siempre estuvo ah\u00ed.<\/p>\n<p>Reci\u00e9n en 1927 aparece por primera vez la marca denominativa Peugeot y el dise\u00f1o del le\u00f3n se va estilizando y adopta formas de escudos.<\/p>\n<p>En 1948 surge la imagen del le\u00f3n rampante ense\u00f1ando sus garras en posici\u00f3n de ataque.<\/p>\n<p>Est\u00e1 dise\u00f1ado en negro s\u00f3lido y se pod\u00eda colocar sobre cualquier fondo.<\/p>\n<p>En 1960 la marca cambia dr\u00e1sticamente su imagen con\u00a0una imagen m\u00e1s tridimensional de la cabeza de un le\u00f3n con una melena espesa.<\/p>\n<p>El a\u00f1o 1975 marca el nacimiento del famoso logo <em>\u00abContorno de Le\u00f3n\u00bb<\/em>. El Le\u00f3n Rampante est\u00e1 de vuelta, pero ahora parece futurista.<\/p>\n<p>En 2010 se redise\u00f1a con un efecto 3D que se ve reforzado por la paleta de colores met\u00e1licos.<\/p>\n<p>La identidad visual vuelve a cambiar por completo en 2021.<\/p>\n<p>El nuevo logotipo presenta un elegante escudo negro con un doble contorno blanco y un retrato estilizado del le\u00f3n, recordando al dise\u00f1o de 1960.<\/p>\n<p>[\/et_pb_text][et_pb_image src=\u00bbhttps:\/\/www.web4.com.ar\/wp-content\/uploads\/2025\/07\/Peugeot.png\u00bb alt=\u00bbRestyling logo Peugeot\u00bb title_text=\u00bbRestyling logo Peugeot\u00bb align=\u00bbcenter\u00bb disabled_on=\u00bboff|off|off\u00bb admin_label=\u00bbImagen\u00bb _builder_version=\u00bb4.27.4&#8243; _module_preset=\u00bbdefault\u00bb custom_padding=\u00bb40px||40px||true|false\u00bb custom_padding_tablet=\u00bb40px||40px||true|false\u00bb custom_padding_phone=\u00bb25px||25px||true|false\u00bb custom_padding_last_edited=\u00bbon|phone\u00bb locked=\u00bboff\u00bb global_colors_info=\u00bb{}\u00bb theme_builder_area=\u00bbpost_content\u00bb][\/et_pb_image][et_pb_image src=\u00bbhttps:\/\/www.web4.com.ar\/wp-content\/uploads\/2025\/07\/peugeot-publi.png\u00bb alt=\u00bbpeugeot publicidad\u00bb title_text=\u00bbpeugeot publicidad\u00bb align=\u00bbcenter\u00bb _builder_version=\u00bb4.27.4&#8243; _module_preset=\u00bbdefault\u00bb custom_margin=\u00bb||50px||false|false\u00bb global_colors_info=\u00bb{}\u00bb theme_builder_area=\u00bbpost_content\u00bb][\/et_pb_image][et_pb_button button_url=\u00bb#indice\u00bb button_text=\u00bbVolver al \u00edndice de logos\u00bb button_alignment=\u00bbcenter\u00bb admin_label=\u00bbBoton indice\u00bb _builder_version=\u00bb4.27.4&#8243; _module_preset=\u00bbdefault\u00bb custom_button=\u00bbon\u00bb button_text_size=\u00bb16px\u00bb button_font=\u00bb||||||||\u00bb button_icon=\u00bb&#x3e;||divi||400&#8243; custom_margin=\u00bb||50px||false|false\u00bb button_text_size_tablet=\u00bb14px\u00bb button_text_size_phone=\u00bb12px\u00bb button_text_size_last_edited=\u00bbon|phone\u00bb global_module=\u00bb11556&#8243; saved_tabs=\u00bball\u00bb locked=\u00bboff\u00bb global_colors_info=\u00bb{}\u00bb theme_builder_area=\u00bbpost_content\u00bb][\/et_pb_button][\/et_pb_column][\/et_pb_row][\/et_pb_section][et_pb_section fb_built=\u00bb1&#8243; admin_label=\u00bbPringles\u00bb module_id=\u00bbpringles\u00bb _builder_version=\u00bb4.27.4&#8243; border_width_bottom=\u00bb3px\u00bb border_color_bottom=\u00bb#F1EBEA\u00bb locked=\u00bboff\u00bb collapsed=\u00bbon\u00bb global_colors_info=\u00bb{}\u00bb theme_builder_area=\u00bbpost_content\u00bb][et_pb_row use_custom_gutter=\u00bbon\u00bb gutter_width=\u00bb4&#8243; custom_padding_last_edited=\u00bboff|desktop\u00bb _builder_version=\u00bb4.27.4&#8243; width=\u00bb100%\u00bb module_alignment=\u00bbcenter\u00bb custom_padding=\u00bb30px|0px|10px|0px|false|true\u00bb custom_padding_tablet=\u00bb30px||||false|true\u00bb border_color_bottom=\u00bb#eaeaea\u00bb global_colors_info=\u00bb{}\u00bb theme_builder_area=\u00bbpost_content\u00bb][et_pb_column type=\u00bb4_4&#8243; _builder_version=\u00bb4.16&#8243; global_colors_info=\u00bb{}\u00bb theme_builder_area=\u00bbpost_content\u00bb][et_pb_text admin_label=\u00bbTexto\u00bb _builder_version=\u00bb4.27.4&#8243; _module_preset=\u00bbdefault\u00bb global_colors_info=\u00bb{}\u00bb theme_builder_area=\u00bbpost_content\u00bb]<\/p>\n<h3>Pringles<\/h3>\n<p>Pringles es el nombre de una marca de alimentos que se estableci\u00f3 en los Estados Unidos en 1968 y es conocida por sus papas fritas en envases cil\u00edndricos.<\/p>\n<p>El logotipo de Pringles ha pasado por varias modificaciones, pero siempre ha tenido la mascota Mr. Pringle y el nombre del producto.<\/p>\n<p>La marca original de 1967 est\u00e1 compuesta por un retrato de un hombre redondeado ejecutado en l\u00edneas negras audaces con el pelo a rayas rojas y negras.<\/p>\n<p>Las letras amarillas de <em>\u00abPringle\u2019s\u00bb<\/em> se colocan debajo del retrato en un lazo negro s\u00f3lido ampliado.<\/p>\n<p>En 1986 el nombre de la marca cambia a <em>\u00abPringles\u00bb<\/em> y se redise\u00f1a el logo.<\/p>\n<p>El retrato cambia su forma a un c\u00edrculo y las l\u00edneas del rostro se vuelven a dise\u00f1ar de una manera m\u00e1s moderna y divertida.<\/p>\n<p>En 2002 la marca presenta un logotipo m\u00e1s elegante y ornamentado\u00a0y el lazo se hizo m\u00e1s peque\u00f1o en rojo degradado, con su contorno negro grueso.<\/p>\n<p>El hombre del bigote se redise\u00f1a de una manera m\u00e1s contempor\u00e1nea sobre un fondo rojo.<\/p>\n<p>El logotipo actual se crea en 2009 y se basa en la versi\u00f3n anterior, pero se elimina el fondo y se cambia la tipograf\u00eda.<\/p>\n<p>En 2022 se crea una versi\u00f3n simplificada que se usa fuera de Estados Unidos, con el nombre escrito en blanco dentro de un corbat\u00edn rojo debajo de la cara.<\/p>\n<p>[\/et_pb_text][et_pb_image src=\u00bbhttps:\/\/www.web4.com.ar\/wp-content\/uploads\/2025\/07\/Pringles.png\u00bb alt=\u00bbRestyling logo Pringles\u00bb title_text=\u00bbRestyling logo Pringles\u00bb align=\u00bbcenter\u00bb disabled_on=\u00bboff|off|off\u00bb admin_label=\u00bbImagen\u00bb _builder_version=\u00bb4.27.4&#8243; _module_preset=\u00bbdefault\u00bb custom_padding=\u00bb40px||40px||true|false\u00bb custom_padding_tablet=\u00bb40px||40px||true|false\u00bb custom_padding_phone=\u00bb25px||25px||true|false\u00bb custom_padding_last_edited=\u00bbon|phone\u00bb locked=\u00bboff\u00bb global_colors_info=\u00bb{}\u00bb theme_builder_area=\u00bbpost_content\u00bb][\/et_pb_image][et_pb_image src=\u00bbhttps:\/\/www.web4.com.ar\/wp-content\/uploads\/2025\/07\/pringles-publi.png\u00bb alt=\u00bbpringles publicidad\u00bb title_text=\u00bbpringles publicidad\u00bb align=\u00bbcenter\u00bb _builder_version=\u00bb4.27.4&#8243; _module_preset=\u00bbdefault\u00bb custom_margin=\u00bb||50px||false|false\u00bb global_colors_info=\u00bb{}\u00bb theme_builder_area=\u00bbpost_content\u00bb][\/et_pb_image][et_pb_button button_url=\u00bb#indice\u00bb button_text=\u00bbVolver al \u00edndice de logos\u00bb button_alignment=\u00bbcenter\u00bb admin_label=\u00bbBoton indice\u00bb _builder_version=\u00bb4.27.4&#8243; _module_preset=\u00bbdefault\u00bb custom_button=\u00bbon\u00bb button_text_size=\u00bb16px\u00bb button_font=\u00bb||||||||\u00bb button_icon=\u00bb&#x3e;||divi||400&#8243; custom_margin=\u00bb||50px||false|false\u00bb button_text_size_tablet=\u00bb14px\u00bb button_text_size_phone=\u00bb12px\u00bb button_text_size_last_edited=\u00bbon|phone\u00bb global_module=\u00bb11556&#8243; saved_tabs=\u00bball\u00bb locked=\u00bboff\u00bb global_colors_info=\u00bb{}\u00bb theme_builder_area=\u00bbpost_content\u00bb][\/et_pb_button][\/et_pb_column][\/et_pb_row][\/et_pb_section][et_pb_section fb_built=\u00bb1&#8243; admin_label=\u00bbPuma\u00bb module_id=\u00bbpuma\u00bb _builder_version=\u00bb4.27.4&#8243; border_width_bottom=\u00bb3px\u00bb border_color_bottom=\u00bb#F1EBEA\u00bb locked=\u00bboff\u00bb collapsed=\u00bbon\u00bb global_colors_info=\u00bb{}\u00bb theme_builder_area=\u00bbpost_content\u00bb][et_pb_row use_custom_gutter=\u00bbon\u00bb gutter_width=\u00bb4&#8243; custom_padding_last_edited=\u00bboff|desktop\u00bb _builder_version=\u00bb4.27.4&#8243; width=\u00bb100%\u00bb module_alignment=\u00bbcenter\u00bb custom_padding=\u00bb30px|0px|10px|0px|false|true\u00bb custom_padding_tablet=\u00bb30px||||false|true\u00bb border_color_bottom=\u00bb#eaeaea\u00bb global_colors_info=\u00bb{}\u00bb theme_builder_area=\u00bbpost_content\u00bb][et_pb_column type=\u00bb4_4&#8243; _builder_version=\u00bb4.16&#8243; global_colors_info=\u00bb{}\u00bb theme_builder_area=\u00bbpost_content\u00bb][et_pb_text admin_label=\u00bbTexto\u00bb _builder_version=\u00bb4.27.4&#8243; _module_preset=\u00bbdefault\u00bb global_colors_info=\u00bb{}\u00bb theme_builder_area=\u00bbpost_content\u00bb]<\/p>\n<h3>Puma<\/h3>\n<p>Puma es una de las empresas m\u00e1s antiguas en el mundo del deporte, y su logo es uno de los emblemas m\u00e1s reconocibles en la historia de las marcas deportivas.<\/p>\n<p>La empresa nace con una simple disputa familiar entre hermanos, que result\u00f3 en la formaci\u00f3n no de una, sino de dos marcas legendarias: <em>Puma<\/em> y <em>Adidas<\/em>.<\/p>\n<p>Uno de los hermanos llam\u00f3 a su empresa Addas (m\u00e1s tarde rebautizada como Adidas) y el segundo, RuDa, que luego\u00a0cambia su nombre a Puma.<\/p>\n<p>El puma aparece en el logo de la marca desde los inicios de la empresa.<\/p>\n<p>El animal que salta es una representaci\u00f3n de movimiento, poder, libertad y velocidad, cualidades que est\u00e1n fuertemente conectadas con el deporte.<\/p>\n<p>Se crea un emblema con forma de franja suave y elegante, una l\u00ednea curva, que se fue estrechando hacia la parte superior.<\/p>\n<p>Hasta el d\u00eda de hoy la empresa utiliza este emblema minimalista en sus prendas, como significante en la mayor\u00eda de las zapatillas.<\/p>\n<p>El puma comienza a colocarse m\u00e1s verticalmente en 1970 y as\u00ed nace el predecesor real de la insignia ic\u00f3nica actual.<\/p>\n<p>La tira de forma reemplaza al gato nuevamente en 1976, coloc\u00e1ndose debajo del logotipo en caja baja, con el trazo vertical de la \u00abP\u00bb alargado.<\/p>\n<p>Las letras del logotipo se capitalizan nuevamente en 1978, y vuelve el puma saltando sobre el \u00e1ngulo superior derecho de la marca denominativa.<\/p>\n<p>[\/et_pb_text][et_pb_image src=\u00bbhttps:\/\/www.web4.com.ar\/wp-content\/uploads\/2025\/07\/Puma.png\u00bb alt=\u00bbRestyling logo Puma\u00bb title_text=\u00bbRestyling logo Puma\u00bb align=\u00bbcenter\u00bb disabled_on=\u00bboff|off|off\u00bb admin_label=\u00bbImagen\u00bb _builder_version=\u00bb4.27.4&#8243; _module_preset=\u00bbdefault\u00bb custom_padding=\u00bb40px||40px||true|false\u00bb custom_padding_tablet=\u00bb40px||40px||true|false\u00bb custom_padding_phone=\u00bb25px||25px||true|false\u00bb custom_padding_last_edited=\u00bbon|phone\u00bb locked=\u00bboff\u00bb global_colors_info=\u00bb{}\u00bb theme_builder_area=\u00bbpost_content\u00bb][\/et_pb_image][et_pb_image src=\u00bbhttps:\/\/www.web4.com.ar\/wp-content\/uploads\/2025\/07\/puma-publi.png\u00bb alt=\u00bbpuma publicidad\u00bb title_text=\u00bbpuma publicidad\u00bb align=\u00bbcenter\u00bb _builder_version=\u00bb4.27.4&#8243; _module_preset=\u00bbdefault\u00bb custom_margin=\u00bb||50px||false|false\u00bb global_colors_info=\u00bb{}\u00bb theme_builder_area=\u00bbpost_content\u00bb][\/et_pb_image][et_pb_button button_url=\u00bb#indice\u00bb button_text=\u00bbVolver al \u00edndice de logos\u00bb button_alignment=\u00bbcenter\u00bb admin_label=\u00bbBoton indice\u00bb _builder_version=\u00bb4.27.4&#8243; _module_preset=\u00bbdefault\u00bb custom_button=\u00bbon\u00bb button_text_size=\u00bb16px\u00bb button_font=\u00bb||||||||\u00bb button_icon=\u00bb&#x3e;||divi||400&#8243; custom_margin=\u00bb||50px||false|false\u00bb button_text_size_tablet=\u00bb14px\u00bb button_text_size_phone=\u00bb12px\u00bb button_text_size_last_edited=\u00bbon|phone\u00bb global_module=\u00bb11556&#8243; saved_tabs=\u00bball\u00bb locked=\u00bboff\u00bb global_colors_info=\u00bb{}\u00bb theme_builder_area=\u00bbpost_content\u00bb][\/et_pb_button][\/et_pb_column][\/et_pb_row][\/et_pb_section][et_pb_section fb_built=\u00bb1&#8243; admin_label=\u00bbWindows\u00bb module_id=\u00bbwindows\u00bb _builder_version=\u00bb4.27.4&#8243; border_width_bottom=\u00bb3px\u00bb border_color_bottom=\u00bb#F1EBEA\u00bb locked=\u00bboff\u00bb collapsed=\u00bbon\u00bb global_colors_info=\u00bb{}\u00bb theme_builder_area=\u00bbpost_content\u00bb][et_pb_row use_custom_gutter=\u00bbon\u00bb gutter_width=\u00bb4&#8243; custom_padding_last_edited=\u00bboff|desktop\u00bb _builder_version=\u00bb4.27.4&#8243; width=\u00bb100%\u00bb module_alignment=\u00bbcenter\u00bb custom_padding=\u00bb30px|0px|10px|0px|false|true\u00bb custom_padding_tablet=\u00bb30px||||false|true\u00bb border_color_bottom=\u00bb#eaeaea\u00bb global_colors_info=\u00bb{}\u00bb theme_builder_area=\u00bbpost_content\u00bb][et_pb_column type=\u00bb4_4&#8243; _builder_version=\u00bb4.16&#8243; global_colors_info=\u00bb{}\u00bb theme_builder_area=\u00bbpost_content\u00bb][et_pb_text admin_label=\u00bbTexto\u00bb _builder_version=\u00bb4.27.4&#8243; _module_preset=\u00bbdefault\u00bb global_colors_info=\u00bb{}\u00bb theme_builder_area=\u00bbpost_content\u00bb]<\/p>\n<h3>Windows<\/h3>\n<p>Windows es el nombre de un sistema operativo de computaci\u00f3n desarrollado por Microsoft y sin duda, el m\u00e1s popular del mundo.<\/p>\n<p>Desde de su lanzamiento y creaci\u00f3n de su primer logo en 1985, ha habido m\u00e1s de 15 versiones dise\u00f1adas hasta hoy.<\/p>\n<p>Todos tienen algo en com\u00fan: la imagen de una ventana, que no siempre fue tan legible, ya que en algunos dise\u00f1os se asemeja a una bandera.<\/p>\n<p>La era del logotipo<em> \u00abFlag\u00bb<\/em> para Windows comienza en 1992 y dura hasta la d\u00e9cada de 2010.<\/p>\n<p>La primera insignia colorida fue dise\u00f1ada en 1992 y ten\u00eda una forma de bandera ondeando que ca\u00eda en p\u00edxeles en su parte izquierda.<\/p>\n<p>En 1995 nace un nuevo concepto en el sistema operativo de Windows que es realmente revolucionario y cambia la forma de comunicarnos con el ordenador.<\/p>\n<p>El logo tambi\u00e9n presenta un redise\u00f1o notable, la bandera se coloca en diagonal a la izquierda de la placa de identificaci\u00f3n, que ahora fue ampliada.<\/p>\n<p>La tipograf\u00eda cambia en negrita sans-serif <em>\u00abWindows\u00bb<\/em>, que ahora es la parte principal del logotipo.<\/p>\n<p>En 2001 se quita el marco negro de la bandera, por lo que ahora el emblema solo se compone por cuatro cuadrados ondeando con un aspecto tridimensional.<\/p>\n<p>En 2006 el emblema adquiere un dise\u00f1o m\u00e1s plano y moderno. Todav\u00eda tiene colores degradados, pero la textura de los cuadrados deja de ser tridimensional.<\/p>\n<p>La palabra <em>\u00abMicrosoft\u00bb<\/em> se elimina del logotipo, y<em> \u201cWindows\u201d<\/em> toma entidad propia, lo que lo hace parecer m\u00e1s minimalista y profesional.<\/p>\n<p>Una nueva era del dise\u00f1o de identidad visual comienza para Windows en 2012 y representa el cambio m\u00e1s notable en este siglo, que coincide con el lanzamiento de Windows 8.<\/p>\n<p>Con el sistema operativo Windows 8 cambia tambi\u00e9n notablemente el dise\u00f1o de la interfaz gr\u00e1fica del sistema operativo.<\/p>\n<p>Esto se manifiesta en el dise\u00f1o de su logo creado por <a href=\"https:\/\/wolffolins.com\/\" target=\"_blank\" rel=\"noopener\">Wolff Olins.<\/a> que utiliza solo el color azul, la forma de onda se ha ido y el emblema es estricto y geom\u00e9trico.<\/p>\n<p>[\/et_pb_text][et_pb_image src=\u00bbhttps:\/\/www.web4.com.ar\/wp-content\/uploads\/2025\/07\/Windows-1.png\u00bb alt=\u00bbRestyling logo Windows\u00bb title_text=\u00bbRestyling logo Windows\u00bb align=\u00bbcenter\u00bb disabled_on=\u00bboff|off|off\u00bb admin_label=\u00bbImagen\u00bb _builder_version=\u00bb4.27.4&#8243; _module_preset=\u00bbdefault\u00bb custom_padding=\u00bb40px||40px||true|false\u00bb custom_padding_tablet=\u00bb40px||40px||true|false\u00bb custom_padding_phone=\u00bb25px||25px||true|false\u00bb custom_padding_last_edited=\u00bbon|phone\u00bb locked=\u00bboff\u00bb global_colors_info=\u00bb{}\u00bb theme_builder_area=\u00bbpost_content\u00bb][\/et_pb_image][et_pb_image src=\u00bbhttps:\/\/www.web4.com.ar\/wp-content\/uploads\/2025\/07\/windows-publi.png\u00bb alt=\u00bbwindows publicidad\u00bb title_text=\u00bbwindows publicidad\u00bb align=\u00bbcenter\u00bb _builder_version=\u00bb4.27.4&#8243; _module_preset=\u00bbdefault\u00bb custom_margin=\u00bb||50px||false|false\u00bb global_colors_info=\u00bb{}\u00bb theme_builder_area=\u00bbpost_content\u00bb][\/et_pb_image][et_pb_button button_url=\u00bb#indice\u00bb button_text=\u00bbVolver al \u00edndice de logos\u00bb button_alignment=\u00bbcenter\u00bb admin_label=\u00bbBoton indice\u00bb _builder_version=\u00bb4.27.4&#8243; _module_preset=\u00bbdefault\u00bb custom_button=\u00bbon\u00bb button_text_size=\u00bb16px\u00bb button_font=\u00bb||||||||\u00bb button_icon=\u00bb&#x3e;||divi||400&#8243; custom_margin=\u00bb||50px||false|false\u00bb button_text_size_tablet=\u00bb14px\u00bb button_text_size_phone=\u00bb12px\u00bb button_text_size_last_edited=\u00bbon|phone\u00bb global_module=\u00bb11556&#8243; saved_tabs=\u00bball\u00bb locked=\u00bboff\u00bb global_colors_info=\u00bb{}\u00bb theme_builder_area=\u00bbpost_content\u00bb][\/et_pb_button][\/et_pb_column][\/et_pb_row][\/et_pb_section][et_pb_section fb_built=\u00bb1&#8243; admin_label=\u00bbTendencias\u00bb _builder_version=\u00bb4.27.4&#8243; _module_preset=\u00bbdefault\u00bb collapsed=\u00bboff\u00bb global_colors_info=\u00bb{}\u00bb theme_builder_area=\u00bbpost_content\u00bb][et_pb_row use_custom_gutter=\u00bbon\u00bb gutter_width=\u00bb4&#8243; custom_padding_last_edited=\u00bbon|phone\u00bb admin_label=\u00bbTendencias\u00bb _builder_version=\u00bb4.27.4&#8243; width=\u00bb100%\u00bb module_alignment=\u00bbcenter\u00bb custom_padding=\u00bb60px|0px|10px|0px|false|true\u00bb custom_padding_tablet=\u00bb40px||||false|true\u00bb custom_padding_phone=\u00bb30px||5px||false|true\u00bb border_color_bottom=\u00bb#eaeaea\u00bb locked=\u00bboff\u00bb global_colors_info=\u00bb{}\u00bb theme_builder_area=\u00bbpost_content\u00bb][et_pb_column type=\u00bb4_4&#8243; _builder_version=\u00bb4.16&#8243; global_colors_info=\u00bb{}\u00bb theme_builder_area=\u00bbpost_content\u00bb][et_pb_text admin_label=\u00bbModas, tendencias y funcionalidad\u00bb _builder_version=\u00bb4.27.4&#8243; header_line_height=\u00bb2em\u00bb text_font_size_tablet=\u00bb\u00bb text_font_size_phone=\u00bb\u00bb text_font_size_last_edited=\u00bbon|desktop\u00bb header_2_font_size_tablet=\u00bb24px\u00bb header_2_font_size_phone=\u00bb24px\u00bb header_2_line_height_tablet=\u00bb\u00bb header_2_line_height_phone=\u00bb\u00bb header_2_line_height_last_edited=\u00bbon|tablet\u00bb locked=\u00bboff\u00bb global_colors_info=\u00bb{}\u00bb theme_builder_area=\u00bbpost_content\u00bb]<\/p>\n<h2>Modas, tendencias y funcionalidad<\/h2>\n<p>Al tratar 40 marcas en conjunto y no en forma individual podemos percibir ciertos patrones que se repiten en determinadas \u00e9pocas y al mismo tiempo.<\/p>\n<p>Esto tiene que ver con las modas y tendencias de cada \u00e9poca que obligan a las marcas a adaptarse y competir entre ellas.<\/p>\n<p>A lo largo de sus historias hay marcas que han regresado a los conceptos originales de branding.<\/p>\n<p>Podemos observarlo en el dise\u00f1o de sus marcas con reminiscencias al pasado, pero esta vez m\u00e1s estilizados y acordes a las nuevas \u00e9pocas.<\/p>\n<p>Algunas marcas han cambiado sus estilos, tipograf\u00edas, conceptos y colores que les han permitido evolucionar y llegar a ser lo que son en la actualidad.<\/p>\n<p>Si quieres saber m\u00e1s acerca del color en marcas, te recomiendo leer mi art\u00edculo <a href=\"https:\/\/www.web4.com.ar\/como-aplicar-la-psicologia-del-color-en-el-diseno-de-logos\/\" target=\"_blank\" rel=\"noopener\">C\u00f3mo aplicar la psicolog\u00eda del color en el dise\u00f1o de logos<\/a>, donde ver\u00e1s varios de los logos mencionados en este art\u00edculo y otros tantos m\u00e1s.<\/p>\n<p>&nbsp;<\/p>\n<h3>Tridimensionalidad<\/h3>\n<p>Hacia principios de los a\u00f1os 2000 con la llegada de nuevos sistemas operativos podemos notar que muchos logos adquieren aspectos tridimensionales.<\/p>\n<p>Estos se popularizaron en un principio por su capacidad para destacar, generar impacto visual y transmitir una sensaci\u00f3n de innovaci\u00f3n y modernidad.<\/p>\n<p>Con las nuevas tecnolog\u00edas en dise\u00f1o 3D las marcas empiezan a tener volumen y texturas mediante iluminaciones y sombras, simulando diversos materiales de la realidad.<\/p>\n<p>Tambi\u00e9n la nueva tendencia a realizar logos animados para publicidad y aplicaciones multimedia se vio favorecida por el dise\u00f1o en 3D.<\/p>\n<p>Con la aparici\u00f3n de dispositivos m\u00f3viles y pantallas t\u00e1ctiles la tridimensionalidad a\u00f1ade profundidad y realismo.<\/p>\n<p>Un dise\u00f1o en relieve hace que el logotipo \u00absalte\u00bb de la p\u00e1gina o pantalla, capturando la atenci\u00f3n del espectador de manera m\u00e1s efectiva.<\/p>\n<p>Al pasar del mundo anal\u00f3gico al digital, las personas ya no necesitan botones en el teclado, pero s\u00ed necesitan identificarlos en las pantallas.<\/p>\n<p>El putero del rat\u00f3n de la computadora es ahora la yema de nuestro dedo \u00edndice y por lo tanto, es necesario destacar botones y zonas <em>\u00abclicacbles\u00bb<\/em> en pantallas peque\u00f1as.<\/p>\n<p>En un mar de logotipos bidimensionales, el 3D ofrece una forma \u00fanica de destacar y crear una identidad visual memorable.<\/p>\n<p>Sectores como la tecnolog\u00eda, los videojuegos y la moda, donde la innovaci\u00f3n y la imagen son cruciales, son los primeros en adoptar logotipos tridimensionales.<\/p>\n<p>[\/et_pb_text][et_pb_image src=\u00bbhttps:\/\/www.web4.com.ar\/wp-content\/uploads\/2025\/07\/logos-3d.png\u00bb alt=\u00bblogos 3d\u00bb title_text=\u00bblogos 3d\u00bb align=\u00bbcenter\u00bb admin_label=\u00bb3D\u00bb _builder_version=\u00bb4.27.4&#8243; _module_preset=\u00bbdefault\u00bb global_colors_info=\u00bb{}\u00bb theme_builder_area=\u00bbpost_content\u00bb][\/et_pb_image][et_pb_text admin_label=\u00bbRetorno a la simplicidad\u00bb _builder_version=\u00bb4.27.4&#8243; header_line_height=\u00bb2em\u00bb text_font_size_tablet=\u00bb\u00bb text_font_size_phone=\u00bb\u00bb text_font_size_last_edited=\u00bbon|desktop\u00bb header_2_font_size_tablet=\u00bb24px\u00bb header_2_font_size_phone=\u00bb24px\u00bb header_2_line_height_tablet=\u00bb\u00bb header_2_line_height_phone=\u00bb\u00bb header_2_line_height_last_edited=\u00bbon|tablet\u00bb locked=\u00bboff\u00bb global_colors_info=\u00bb{}\u00bb theme_builder_area=\u00bbpost_content\u00bb]<\/p>\n<h3>Retorno a la simplicidad<\/h3>\n<p>Todo cambia cuando Apple anuncia IOS7 en 2013 e impone en poco tiempo el retorno a im\u00e1genes planas y minimalistas.<\/p>\n<p>El auge de los dispositivos m\u00f3viles obliga al dise\u00f1o web a adoptar un desarrollo responsivo adaptable a diversos tama\u00f1os de pantallas, incluso muy peque\u00f1as como puede ser un smartwatch.<\/p>\n<p>Por eso observamos el proceso inverso con logos cada vez m\u00e1s minimalistas y planos.<\/p>\n<p>La necesidad de identificar las marcas en redes sociales y sitios web lleva al dise\u00f1o de logos el mismo criterio responsivo del dise\u00f1o web.<\/p>\n<p>Nacen los \u00abavatares\u00bb y \u00abfavicons\u00bb que son iconos muy simplificados de los logos para los perfiles en redes sociales y sitios web.<\/p>\n<p>Te sugiero leer mi art\u00edculo <a href=\"https:\/\/www.web4.com.ar\/que-es-un-logo-responsive\/\" target=\"_blank\" rel=\"noopener\">Que es un logo responsive<\/a> para comprender este tema.<\/p>\n<p>Al mismo tiempo encontramos una tendencia al monocromatismo que favorece la simplicidad de los logos y su aplicaci\u00f3n impresa sobre cualquier superficie y medios digitales.<\/p>\n<p>[\/et_pb_text][et_pb_image src=\u00bbhttps:\/\/www.web4.com.ar\/wp-content\/uploads\/2025\/07\/logos-2d.png\u00bb alt=\u00bblogos 2d\u00bb title_text=\u00bblogos 2d\u00bb admin_label=\u00bb2D\u00bb _builder_version=\u00bb4.27.4&#8243; _module_preset=\u00bbdefault\u00bb global_colors_info=\u00bb{}\u00bb theme_builder_area=\u00bbpost_content\u00bb][\/et_pb_image][\/et_pb_column][\/et_pb_row][\/et_pb_section][et_pb_section fb_built=\u00bb1&#8243; admin_label=\u00bbConclusion\u00bb _builder_version=\u00bb4.27.4&#8243; _module_preset=\u00bbdefault\u00bb collapsed=\u00bboff\u00bb global_colors_info=\u00bb{}\u00bb theme_builder_area=\u00bbpost_content\u00bb][et_pb_row use_custom_gutter=\u00bbon\u00bb gutter_width=\u00bb4&#8243; custom_padding_last_edited=\u00bbon|phone\u00bb admin_label=\u00bbConclusion\u00bb _builder_version=\u00bb4.27.4&#8243; _module_preset=\u00bbdefault\u00bb width=\u00bb100%\u00bb module_alignment=\u00bbcenter\u00bb custom_padding=\u00bb60px|0px|10px|0px|false|true\u00bb custom_padding_tablet=\u00bb40px||||false|true\u00bb custom_padding_phone=\u00bb30px||5px||false|true\u00bb border_color_bottom=\u00bb#eaeaea\u00bb locked=\u00bboff\u00bb global_colors_info=\u00bb{}\u00bb theme_builder_area=\u00bbpost_content\u00bb][et_pb_column type=\u00bb4_4&#8243; _builder_version=\u00bb4.16&#8243; _module_preset=\u00bbdefault\u00bb global_colors_info=\u00bb{}\u00bb theme_builder_area=\u00bbpost_content\u00bb][et_pb_text _builder_version=\u00bb4.27.4&#8243; _module_preset=\u00bbdefault\u00bb header_line_height=\u00bb2em\u00bb text_font_size_tablet=\u00bb\u00bb text_font_size_phone=\u00bb\u00bb text_font_size_last_edited=\u00bbon|desktop\u00bb header_2_font_size_tablet=\u00bb24px\u00bb header_2_font_size_phone=\u00bb24px\u00bb header_2_line_height_tablet=\u00bb\u00bb header_2_line_height_phone=\u00bb\u00bb header_2_line_height_last_edited=\u00bbon|tablet\u00bb global_colors_info=\u00bb{}\u00bb theme_builder_area=\u00bbpost_content\u00bb]<\/p>\n<h1>Conclusi\u00f3n<\/h1>\n<p>Espero que hayas disfrutado este art\u00edculo y comprendido la importancia del redise\u00f1o de marcas para mantener actualizada su identidad a trav\u00e9s del tiempo.<\/p>\n<p>Hemos conocido historias y como las marcas fueron evolucionando y adapt\u00e1ndose a las tendencias de cada \u00e9poca, nuevas tecnolog\u00edas y nuevas aplicaciones.<\/p>\n<p>Algunas marcas han sabido mantener sus rasgos casi de manera inalterable, mientras que otras han realizado cambios frecuentes y muy significativos.<\/p>\n<p>Hay marcas que incluso han cambiado de denominaci\u00f3n, colores y personalidad, realizando un rebranding total.<\/p>\n<p>Todo es cuesti\u00f3n de saber adaptarse y evolucionar a medida que el mercado lo necesita.<\/p>\n<p>El dise\u00f1ador gr\u00e1fico es siempre una profesional fundamental en el desarrollo de la identidad visual de las empresas.<\/p>\n<p>&nbsp;<\/p>\n<p>Si te dieron ganas de tener tu propia marca y consideras que soy un profesional id\u00f3neo para desarrollarla no dudes en contactarme.<\/p>\n<p>En la secci\u00f3n de <strong>Art\u00edculos relacionados<\/strong> que est\u00e1 m\u00e1s abajo, vas a encontrar algunos art\u00edculos con temas espec\u00edficos que complementan el que acabas de leer.<\/p>\n<p>Te invito a leerlos, compartirlos y a dejar tus comentarios si lo deseas.<br \/>Muchas gracias.<a href=\"https:\/\/web4.com.ar\/contacto\"><strong><\/strong><\/a><\/p>\n<p>[\/et_pb_text][\/et_pb_column][\/et_pb_row][et_pb_row use_custom_gutter=\u00bbon\u00bb gutter_width=\u00bb4&#8243; custom_padding_last_edited=\u00bbon|phone\u00bb admin_label=\u00bbQuiero\u00bb _builder_version=\u00bb4.27.4&#8243; background_color=\u00bbrgba(39,91,0,0.13)\u00bb width=\u00bb100%\u00bb module_alignment=\u00bbcenter\u00bb custom_padding=\u00bb15px|0px|15px|0px|true|true\u00bb custom_padding_tablet=\u00bb15px||15px||true|true\u00bb custom_padding_phone=\u00bb10px|10px|10px|10px|true|true\u00bb border_color_bottom=\u00bb#eaeaea\u00bb locked=\u00bboff\u00bb global_colors_info=\u00bb{}\u00bb theme_builder_area=\u00bbpost_content\u00bb][et_pb_column type=\u00bb4_4&#8243; _builder_version=\u00bb4.16&#8243; global_colors_info=\u00bb{}\u00bb theme_builder_area=\u00bbpost_content\u00bb][et_pb_text admin_label=\u00bbQuiero\u00bb _builder_version=\u00bb4.27.4&#8243; header_line_height=\u00bb2em\u00bb custom_padding=\u00bb5px|0px|5px|0px|true|true\u00bb custom_padding_tablet=\u00bb5px|0px|5px|0px|true|true\u00bb custom_padding_phone=\u00bb5px||5px||true|true\u00bb custom_padding_last_edited=\u00bbon|tablet\u00bb header_2_font_size_tablet=\u00bb24px\u00bb header_2_font_size_phone=\u00bb24px\u00bb header_2_line_height_tablet=\u00bb\u00bb header_2_line_height_phone=\u00bb\u00bb header_2_line_height_last_edited=\u00bbon|tablet\u00bb locked=\u00bboff\u00bb global_colors_info=\u00bb{}\u00bb theme_builder_area=\u00bbpost_content\u00bb]<\/p>\n<p style=\"text-align: center;\"><strong>&gt;&gt;&gt;\u00a0 QUIERO MI LOGO &lt;&lt;&lt;<\/strong><\/p>\n<p>[\/et_pb_text][et_pb_image src=\u00bbhttps:\/\/www.web4.com.ar\/wp-content\/uploads\/2024\/09\/Boton-Whats-app.png\u00bb alt=\u00bbPackaging posavasos\u00bb title_text=\u00bbPackaging posavasos\u00bb url=\u00bb@ET-DC@eyJkeW5hbWljIjp0cnVlLCJjb250ZW50IjoicG9zdF9saW5rX3VybF9wYWdlIiwic2V0dGluZ3MiOnsicG9zdF9pZCI6Ijc1MiJ9fQ==@\u00bb align=\u00bbcenter\u00bb admin_label=\u00bbBoton consulta\u00bb _builder_version=\u00bb4.27.4&#8243; _dynamic_attributes=\u00bburl\u00bb _module_preset=\u00bbdefault\u00bb custom_padding=\u00bb5px||5px||true|false\u00bb custom_padding_tablet=\u00bb5px||5px||true|false\u00bb custom_padding_phone=\u00bb10px||10px||true|false\u00bb custom_padding_last_edited=\u00bbon|phone\u00bb hover_enabled=\u00bb0&#8243; global_module=\u00bb11717&#8243; saved_tabs=\u00bball\u00bb global_colors_info=\u00bb{}\u00bb theme_builder_area=\u00bbpost_content\u00bb url_new_window=\u00bbon\u00bb transform_styles__hover_enabled=\u00bbon|hover\u00bb transform_scale__hover_enabled=\u00bbon|hover\u00bb transform_translate__hover_enabled=\u00bbon|desktop\u00bb transform_rotate__hover_enabled=\u00bbon|desktop\u00bb transform_skew__hover_enabled=\u00bbon|desktop\u00bb transform_origin__hover_enabled=\u00bbon|desktop\u00bb sticky_enabled=\u00bb0&#8243; transform_scale__hover=\u00bb110%|110%\u00bb][\/et_pb_image][\/et_pb_column][\/et_pb_row][\/et_pb_section]<\/p>\n","protected":false},"excerpt":{"rendered":"<p class=\"translation-block\">In this post, we'll discuss rebranding by analyzing 40 famous brands that have redesigned their logos and how their designs have evolved over the years.\nA brand's redesign is related to its history and the times it faces in terms of fashions, trends, and needs.<\/p>","protected":false},"author":1,"featured_media":11610,"comment_status":"open","ping_status":"open","sticky":false,"template":"","format":"standard","meta":{"_et_pb_use_builder":"on","_et_pb_old_content":"","_et_gb_content_width":"","footnotes":""},"categories":[34],"tags":[44,43,139,149],"class_list":["post-11253","post","type-post","status-publish","format-standard","has-post-thumbnail","hentry","category-branding","tag-branding","tag-diseno-de-logos","tag-rediseno","tag-restylyng"],"a3_pvc":{"activated":false,"total_views":4358,"today_views":20},"_links":{"self":[{"href":"https:\/\/www.web4.com.ar\/en\/wp-json\/wp\/v2\/posts\/11253","targetHints":{"allow":["GET"]}}],"collection":[{"href":"https:\/\/www.web4.com.ar\/en\/wp-json\/wp\/v2\/posts"}],"about":[{"href":"https:\/\/www.web4.com.ar\/en\/wp-json\/wp\/v2\/types\/post"}],"author":[{"embeddable":true,"href":"https:\/\/www.web4.com.ar\/en\/wp-json\/wp\/v2\/users\/1"}],"replies":[{"embeddable":true,"href":"https:\/\/www.web4.com.ar\/en\/wp-json\/wp\/v2\/comments?post=11253"}],"version-history":[{"count":117,"href":"https:\/\/www.web4.com.ar\/en\/wp-json\/wp\/v2\/posts\/11253\/revisions"}],"predecessor-version":[{"id":11721,"href":"https:\/\/www.web4.com.ar\/en\/wp-json\/wp\/v2\/posts\/11253\/revisions\/11721"}],"wp:featuredmedia":[{"embeddable":true,"href":"https:\/\/www.web4.com.ar\/en\/wp-json\/wp\/v2\/media\/11610"}],"wp:attachment":[{"href":"https:\/\/www.web4.com.ar\/en\/wp-json\/wp\/v2\/media?parent=11253"}],"wp:term":[{"taxonomy":"category","embeddable":true,"href":"https:\/\/www.web4.com.ar\/en\/wp-json\/wp\/v2\/categories?post=11253"},{"taxonomy":"post_tag","embeddable":true,"href":"https:\/\/www.web4.com.ar\/en\/wp-json\/wp\/v2\/tags?post=11253"}],"curies":[{"name":"wp","href":"https:\/\/api.w.org\/{rel}","templated":true}]}}